{"id":9429,"date":"2025-06-08T14:48:22","date_gmt":"2025-06-08T18:48:22","guid":{"rendered":"https:\/\/latinamericasecurityreport.com\/?p=9429"},"modified":"2025-06-08T14:48:22","modified_gmt":"2025-06-08T18:48:22","slug":"ansiedad-global-y-la-dimension-de-seguridad-de-la-desesperacion-personal-a-la-violencia-politica","status":"publish","type":"post","link":"https:\/\/latinamericasecurityreport.com\/?p=9429","title":{"rendered":"Ansiedad Global Y La Dimensi\u00f3n De Seguridad: De La Desesperaci\u00f3n Personal a La Violencia Pol\u00edtica"},"content":{"rendered":"<p><img loading=\"lazy\" decoding=\"async\" class=\"alignnone size-full\" src=\"https:\/\/www.asisonline.org\/globalassets\/security-management\/current-issues\/2023\/february\/0223--sm_mental-health_mike-hurst_communities-of-support02_884x500.gif\" width=\"884\" height=\"500\"><\/p>\n<p>En nuestro an\u00e1lisis de mayo, <a href=\"https:\/\/globalhealthnewswire.com\/policy-law\/2025\/05\/22\/the-silent-epidemic-americas-growing-anxiety-crisis\" target=\"_blank\" rel=\"noopener\"><em data-start=\"104\" data-end=\"179\">La epidemia silenciosa: la creciente crisis de ansiedad en Estados Unidos<\/em><\/a>, exploramos c\u00f3mo la incertidumbre y la desesperanza\u2014producto de la inseguridad econ\u00f3mica, el aislamiento social y la creciente desigualdad\u2014han alimentado un notable aumento de la ansiedad en todo el pa\u00eds. Sin embargo, esta crisis de salud mental no reconoce fronteras. En todo el mundo, las sociedades que enfrentan depresi\u00f3n, pobreza y desilusi\u00f3n se enfrentan a una creciente fragilidad emocional. En ning\u00fan lugar se ilustra esto de forma m\u00e1s cruda que en Colombia: el s\u00e1bado 7 de junio de 2025, el senador de 39 a\u00f1os y principal aspirante presidencial Miguel Uribe Turbay fue baleado tres veces\u2014dos en la cabeza\u2014a tan solo segundos de declarar que la principal crisis que enfrentaba su pa\u00eds era la salud mental. Esa escalofriante yuxtaposici\u00f3n\u2014una fragilidad emocional a escala nacional seguida de un trauma de bala literal\u2014no ha pasado desapercibida para los observadores.<\/p>\n<h3 data-start=\"1064\" data-end=\"1131\">Revisitando \u201cLa creciente crisis de ansiedad en Estados Unidos\u201d<\/h3>\n<p data-start=\"1133\" data-end=\"1534\">En mayo, documentamos c\u00f3mo la interacci\u00f3n entre precariedad econ\u00f3mica, polarizaci\u00f3n pol\u00edtica y la erosi\u00f3n del apoyo social durante la pandemia hab\u00eda elevado los niveles de ansiedad a cifras sin precedentes en EE.UU. A partir de datos econ\u00f3micos y m\u00e9tricas de salud mental, argumentamos que la desesperanza emocional estaba socavando la cohesi\u00f3n social y la confianza en las instituciones democr\u00e1ticas.<\/p>\n<p data-start=\"1536\" data-end=\"2005\">No obstante, estos factores de estr\u00e9s son globales. Las secuelas financieras del COVID\u201119, sumadas al aumento del costo de vida, los choques clim\u00e1ticos y la inestabilidad geopol\u00edtica, han desencadenado una espiral de salud mental en pa\u00edses de todo el espectro econ\u00f3mico. Los pa\u00edses pobres y de ingresos medios enfrentan desaf\u00edos a\u00fan m\u00e1s severos: los sistemas de salud mental est\u00e1n subfinanciados, y el estigma impide a\u00fan m\u00e1s el reconocimiento del sufrimiento emocional.<\/p>\n<h3 data-start=\"2012\" data-end=\"2068\">El incidente en Colombia: una dolorosa yuxtaposici\u00f3n<\/h3>\n<p data-start=\"2070\" data-end=\"2579\">El 7 de junio de 2025, Miguel Uribe Turbay, senador con aspiraciones presidenciales, se dirig\u00eda a simpatizantes en el distrito de Fontib\u00f3n, en Bogot\u00e1, cuando un agresor de 15 a\u00f1os abri\u00f3 fuego. Fue herido dos veces en la cabeza y una en la rodilla; otras dos personas tambi\u00e9n resultaron heridas. Expertos lo calificaron como un raro intento de asesinato perpetrado por un menor de edad, lo que gener\u00f3 preocupaci\u00f3n inmediata sobre una posible reactivaci\u00f3n de la violencia pol\u00edtica del pasado oscuro de Colombia.<\/p>\n<p data-start=\"2581\" data-end=\"2935\">Cr\u00edticos y analistas calificaron el atentado como un ataque no solo contra Uribe Turbay, sino contra el discurso democr\u00e1tico mismo. El secretario de Estado de EE.UU., Marco Rubio, lo denunci\u00f3 como \u201cuna amenaza directa a la democracia\u201d, mientras que el presidente Gustavo Petro cancel\u00f3 un viaje planeado a Francia y orden\u00f3 una investigaci\u00f3n de emergencia.<\/p>\n<p data-start=\"2937\" data-end=\"3196\">El ataque fue especialmente impactante porque Uribe Turbay acababa de referirse a la salud mental como una crisis nacional cr\u00edtica. La iron\u00eda\u2014un defensor de la salud mental baleado segundos despu\u00e9s\u2014ha desatado una intensa reflexi\u00f3n dentro y fuera de Colombia.<\/p>\n<h3 data-start=\"3203\" data-end=\"3266\">La salud mental como prioridad de pol\u00edtica sanitaria global<\/h3>\n<h4 data-start=\"3268\" data-end=\"3296\">La magnitud de la carga<\/h4>\n<p data-start=\"3298\" data-end=\"3760\">Seg\u00fan la OMS, en cualquier momento, casi 1 de cada 8 personas en el mundo vive con un trastorno mental\u2014principalmente ansiedad o depresi\u00f3n\u2014con cifras que se dispararon durante los a\u00f1os del COVID\u201119. El informe <em data-start=\"3508\" data-end=\"3539\">Global Burden of Disease 2019<\/em> mostr\u00f3 que los a\u00f1os de vida ajustados por discapacidad (DALYs, por sus siglas en ingl\u00e9s) por trastornos mentales aumentaron de 80.8 millones (1990) a 125.3 millones\u2014un ascenso alarmante con consecuencias sociales serias.<\/p>\n<h4 data-start=\"3762\" data-end=\"3784\">Costos econ\u00f3micos<\/h4>\n<p data-start=\"3786\" data-end=\"4183\">Se estima que la depresi\u00f3n y la ansiedad cuestan a la econom\u00eda global cerca de <strong data-start=\"3865\" data-end=\"3888\">1 bill\u00f3n de d\u00f3lares<\/strong> en productividad perdida cada a\u00f1o. La presi\u00f3n sostenida sobre los sistemas de salud mental, especialmente en pa\u00edses de ingresos bajos y medios, deja grandes brechas de tratamiento\u2014se estima que entre el <strong data-start=\"4092\" data-end=\"4108\">76 y el 85\u202f%<\/strong> de las personas con depresi\u00f3n en pa\u00edses en desarrollo no reciben atenci\u00f3n.<\/p>\n<h3 data-start=\"4190\" data-end=\"4252\">Implicaciones para la seguridad: del individuo a la naci\u00f3n<\/h3>\n<h4 data-start=\"4254\" data-end=\"4305\">Fragilidad individual como riesgo de seguridad<\/h4>\n<p data-start=\"4307\" data-end=\"4731\">Cuando no se abordan, las condiciones de salud mental\u2014especialmente entre j\u00f3venes\u2014pueden distorsionar la percepci\u00f3n del riesgo, erosionar el control de los impulsos y aumentar la propensi\u00f3n a la violencia. Individuos solitarios con depresi\u00f3n o psicosis sin tratar pueden convertirse en actores solitarios, mientras que personas marginadas o traumatizadas son vulnerables a ideolog\u00edas radicales o al reclutamiento extremista.<\/p>\n<h4 data-start=\"4733\" data-end=\"4781\">Ra\u00edces emocionales de la violencia pol\u00edtica<\/h4>\n<p data-start=\"4783\" data-end=\"5132\">En todo el mundo, la violencia pol\u00edtica impulsada emocionalmente est\u00e1 en aumento\u2014desde tiroteos masivos en pa\u00edses occidentales hasta asesinatos con motivaciones pol\u00edticas en contextos en desarrollo. La experiencia casi fatal de Uribe Turbay ejemplifica c\u00f3mo la desesperaci\u00f3n personal puede cruzarse con la acci\u00f3n p\u00fablica en el nivel m\u00e1s destructivo.<\/p>\n<figure style=\"width: 1536px\" class=\"wp-caption alignnone\"><img loading=\"lazy\" decoding=\"async\" class=\"size-full\" src=\"https:\/\/ichef.bbci.co.uk\/news\/1536\/cpsprodpb\/4b9d\/live\/aa4305d0-4410-11f0-97fc-8175165e17d2.jpg.webp\" width=\"1536\" height=\"864\"><figcaption class=\"wp-caption-text\">Miguel Uribe Turbay es senador del partido conservador Centro Democr\u00e1tico desde 2022<\/figcaption><\/figure>\n<h3 data-start=\"5139\" data-end=\"5166\">Colombia en modo crisis<\/h3>\n<h4 data-start=\"5168\" data-end=\"5191\">Contexto hist\u00f3rico<\/h4>\n<p data-start=\"5193\" data-end=\"5562\">Colombia arrastra un legado traum\u00e1tico de violencia pol\u00edtica\u2014desde el asesinato del candidato presidencial Luis Carlos Gal\u00e1n en 1989 hasta el narcoterrorismo de Pablo Escobar y el conflicto civil con las FARC. Aunque los acuerdos de paz han mitigado parte de ese legado, la polarizaci\u00f3n pol\u00edtica se ha intensificado durante el mandato izquierdista del presidente Petro.<\/p>\n<h4 data-start=\"5564\" data-end=\"5598\">Un nuevo punto de inflamaci\u00f3n<\/h4>\n<p data-start=\"5600\" data-end=\"5951\">Uribe Turbay est\u00e1 vinculado familiarmente a esa violencia del pasado: su madre, la periodista Diana Turbay, fue secuestrada por el cartel de Escobar y asesinada en 1991. Esa historia familiar resuena en el intento actual: el asesinato pol\u00edtico de ayer parece reverberar en el presente, reabriendo heridas en un pa\u00eds que aspira al progreso democr\u00e1tico.<\/p>\n<h3 data-start=\"5958\" data-end=\"6040\">Paralelismos globales: la presi\u00f3n de la salud mental alimenta la inestabilidad<\/h3>\n<h4 data-start=\"6042\" data-end=\"6061\">Am\u00e9rica Latina<\/h4>\n<p data-start=\"6063\" data-end=\"6254\">Las crisis de salud mental tambi\u00e9n est\u00e1n contribuyendo a la violencia en lugares como Chile y Brasil, donde la desigualdad econ\u00f3mica y el malestar social han desatado disturbios y agresiones.<\/p>\n<h4 data-start=\"6256\" data-end=\"6267\">Europa<\/h4>\n<p data-start=\"6269\" data-end=\"6464\">En partes de Europa, el aumento de la ansiedad y la depresi\u00f3n entre los j\u00f3venes\u2014ya elevado por la pandemia\u2014ha alimentado reacciones populistas, culpabilizaci\u00f3n de colectivos y violencia pol\u00edtica.<\/p>\n<h4 data-start=\"6466\" data-end=\"6488\">EE.UU. y m\u00e1s all\u00e1<\/h4>\n<p data-start=\"6490\" data-end=\"6856\">En EE.UU., los tiroteos masivos contin\u00faan a un ritmo alarmante, con condiciones de salud mental sin tratar citadas frecuentemente\u2014aunque tambi\u00e9n influyen la pobreza, el aislamiento y el f\u00e1cil acceso a armas. A nivel global, la falta de atenci\u00f3n a la salud mental de j\u00f3venes y veteranos est\u00e1 contribuyendo a disturbios internos y a la debilidad de la cohesi\u00f3n social.<\/p>\n<h3 data-start=\"6863\" data-end=\"6909\">Rutas hacia soluciones de pol\u00edtica p\u00fablica<\/h3>\n<h4 data-start=\"6911\" data-end=\"6940\">Reforma del sector salud<\/h4>\n<p data-start=\"6942\" data-end=\"7175\">Los pa\u00edses deben integrar los servicios de salud mental en la atenci\u00f3n primaria, reducir las disparidades de tratamiento y ampliar la telesalud. Son esenciales los programas de intervenci\u00f3n temprana a nivel comunitario y en escuelas.<\/p>\n<h4 data-start=\"7177\" data-end=\"7219\">Redes de seguridad econ\u00f3mica y social<\/h4>\n<p data-start=\"7221\" data-end=\"7441\">La resiliencia emocional mejora con la seguridad econ\u00f3mica. Pol\u00edticas que garanticen el acceso al empleo, apoyo financiero, estabilidad habitacional y oportunidades educativas act\u00faan como barreras contra la desesperanza.<\/p>\n<h4 data-start=\"7443\" data-end=\"7475\">Colaboraci\u00f3n intersectorial<\/h4>\n<p data-start=\"7477\" data-end=\"7790\">La pol\u00edtica de salud mental debe ir de la mano con los sectores de educaci\u00f3n, trabajo y servicios sociales. Pero, crucialmente, los ministerios de seguridad y los sistemas policiales tambi\u00e9n deben reconocer la fragilidad mental como un precursor de conductas radicales o violentas\u2014especialmente entre los j\u00f3venes.<\/p>\n<h4 data-start=\"7792\" data-end=\"7817\">Democracia y di\u00e1logo<\/h4>\n<p data-start=\"7819\" data-end=\"8134\">La libertad de expresi\u00f3n por s\u00ed sola no puede proteger la democracia; la inclusi\u00f3n emocional es igualmente vital. El discurso pol\u00edtico debe evitar el lenguaje inflamatorio que ataque a personas vulnerables o refuerce el estigma. Los medios y los pol\u00edticos deben fomentar empat\u00eda comunitaria y narrativas inclusivas.<\/p>\n<h3 data-start=\"8141\" data-end=\"8216\">Conclusi\u00f3n: el bienestar mental\u2014un derecho y un imperativo de seguridad<\/h3>\n<p data-start=\"8218\" data-end=\"8513\">El atentado contra Miguel Uribe Turbay\u2014culminaci\u00f3n de un trauma familiar, la violencia pol\u00edtica y la defensa aguda de la salud mental\u2014es tanto tr\u00e1gico como instructivo. Subraya una verdad innegable: la desesperaci\u00f3n emocional, si se ignora, puede convertirse en derramamiento de sangre pol\u00edtica.<\/p>\n<p data-start=\"8515\" data-end=\"8851\">La salud mental no es un asunto privado; es un derecho global a la salud y un pilar fundamental de la seguridad nacional. Para proteger las instituciones democr\u00e1ticas y las vidas humanas, los gobiernos y las agencias de salud global deben construir infraestructuras emocionales tan s\u00f3lidas como hospitales, econom\u00edas y sistemas legales.<\/p>\n<p data-start=\"8853\" data-end=\"9312\">El mundo enfrenta no solo una crisis de salud mental, sino una crisis de la salud mental como defensa civilizacional. La lucha de EE.UU. contra la ansiedad\u2014y la ca\u00edda de Colombia en una violencia pol\u00edtica renovada\u2014revelan la importancia de esta verdad. La desesperaci\u00f3n emocional generalizada tambi\u00e9n es una vulnerabilidad estrat\u00e9gica. Fortalecer el bienestar mental no es, por tanto, una iniciativa opcional de salud, sino arquitectura esencial de seguridad.<\/p>\n<h3 data-start=\"9319\" data-end=\"9352\">Llamados globales a la acci\u00f3n<\/h3>\n<ul data-start=\"9354\" data-end=\"10095\">\n<li data-start=\"9354\" data-end=\"9523\">\n<p data-start=\"9356\" data-end=\"9523\">La OMS y los financiadores internacionales deben aumentar r\u00e1pidamente las inversiones en programas globales de salud mental\u2014especialmente para poblaciones vulnerables.<\/p>\n<\/li>\n<li data-start=\"9524\" data-end=\"9670\">\n<p data-start=\"9526\" data-end=\"9670\">Los planificadores de seguridad deben reconocer formalmente la salud mental como un factor de riesgo en las evaluaciones nacionales de amenazas.<\/p>\n<\/li>\n<li data-start=\"9671\" data-end=\"9800\">\n<p data-start=\"9673\" data-end=\"9800\">Los gobiernos deben dise\u00f1ar respuestas interdepartamentales que integren estrategias de salud, educaci\u00f3n, econom\u00eda y seguridad.<\/p>\n<\/li>\n<li data-start=\"9801\" data-end=\"9922\">\n<p data-start=\"9803\" data-end=\"9922\">Los medios y la sociedad civil deben desmantelar el estigma en torno a la salud mental y normalizar el apoyo emocional.<\/p>\n<\/li>\n<li data-start=\"9923\" data-end=\"10095\">\n<p data-start=\"9925\" data-end=\"10095\">Los l\u00edderes pol\u00edticos deben asegurar que la plaza p\u00fablica de la democracia tambi\u00e9n incluya seguridad emocional\u2014de lo contrario, seguir\u00e1 siendo un campo de batalla mortal.<\/p>\n<\/li>\n<\/ul>\n<p data-start=\"10102\" data-end=\"10350\"><strong data-start=\"10102\" data-end=\"10140\">Para la comunidad global de salud:<\/strong> los altos niveles de ansiedad contribuyen directamente a fallos de movilidad, pandemias y disturbios colectivos. Prep\u00e1rense para apoyar estrategias integradas de salud y seguridad en sus c\u00edrculos de pol\u00edticas.<\/p>\n<p data-start=\"10352\" data-end=\"10640\"><strong data-start=\"10352\" data-end=\"10403\">Y para nuestros aparatos de seguridad nacional:<\/strong> la resiliencia nacional depende tanto del bienestar emocional como de las defensas cibern\u00e9ticas o la preparaci\u00f3n antiterrorista. Inviertan en m\u00e9tricas y financiamiento de salud mental como parte central de los presupuestos de seguridad.<\/p>\n<p data-start=\"10642\" data-end=\"10961\"><strong data-start=\"10642\" data-end=\"10813\">A menos que redefinamos el bienestar mental como infraestructura estrat\u00e9gica, las sociedades seguir\u00e1n expuestas a la pr\u00f3xima ola de agitaci\u00f3n impulsada emocionalmente.<\/strong> La bala que alcanz\u00f3 a Miguel Uribe Turbay hizo m\u00e1s que herir a un pol\u00edtico: perfor\u00f3 una barandilla nacional entre la desesperaci\u00f3n y la democracia.<\/p>\n<p data-start=\"10642\" data-end=\"10961\"><em>&#8211; Use Our Intel<\/em><\/p>\n","protected":false},"excerpt":{"rendered":"<p>En nuestro an\u00e1lisis de mayo, La epidemia silenciosa: la creciente crisis de ansiedad en Estados Unidos, exploramos c\u00f3mo la incertidumbre y la desesperanza\u2014producto de la inseguridad econ\u00f3mica, el aislamiento social y la creciente desigualdad\u2014han alimentado un notable aumento de la ansiedad en todo el pa\u00eds. Sin embargo, esta crisis de salud mental no reconoce fronteras.&hellip;<\/p>\n","protected":false},"author":124,"featured_media":9431,"comment_status":"open","ping_status":"closed","sticky":false,"template":"","format":"standard","meta":{"ngg_post_thumbnail":0,"fifu_image_url":"https:\/\/www.asisonline.org\/globalassets\/security-management\/current-issues\/2023\/february\/0223--sm_mental-health_mike-hurst_communities-of-support02_884x500.gif","fifu_image_alt":"","footnotes":""},"categories":[195,182],"tags":[],"class_list":["post-9429","post","type-post","status-publish","format-standard","has-post-thumbnail","hentry","category-health-environment","category-security-public-safety"],"_links":{"self":[{"href":"https:\/\/latinamericasecurityreport.com\/index.php?rest_route=\/wp\/v2\/posts\/9429","targetHints":{"allow":["GET"]}}],"collection":[{"href":"https:\/\/latinamericasecurityreport.com\/index.php?rest_route=\/wp\/v2\/posts"}],"about":[{"href":"https:\/\/latinamericasecurityreport.com\/index.php?rest_route=\/wp\/v2\/types\/post"}],"author":[{"embeddable":true,"href":"https:\/\/latinamericasecurityreport.com\/index.php?rest_route=\/wp\/v2\/users\/124"}],"replies":[{"embeddable":true,"href":"https:\/\/latinamericasecurityreport.com\/index.php?rest_route=%2Fwp%2Fv2%2Fcomments&post=9429"}],"version-history":[{"count":1,"href":"https:\/\/latinamericasecurityreport.com\/index.php?rest_route=\/wp\/v2\/posts\/9429\/revisions"}],"predecessor-version":[{"id":9432,"href":"https:\/\/latinamericasecurityreport.com\/index.php?rest_route=\/wp\/v2\/posts\/9429\/revisions\/9432"}],"wp:featuredmedia":[{"embeddable":true,"href":"https:\/\/latinamericasecurityreport.com\/index.php?rest_route=\/wp\/v2\/media\/9431"}],"wp:attachment":[{"href":"https:\/\/latinamericasecurityreport.com\/index.php?rest_route=%2Fwp%2Fv2%2Fmedia&parent=9429"}],"wp:term":[{"taxonomy":"category","embeddable":true,"href":"https:\/\/latinamericasecurityreport.com\/index.php?rest_route=%2Fwp%2Fv2%2Fcategories&post=9429"},{"taxonomy":"post_tag","embeddable":true,"href":"https:\/\/latinamericasecurityreport.com\/index.php?rest_route=%2Fwp%2Fv2%2Ftags&post=9429"}],"curies":[{"name":"wp","href":"https:\/\/api.w.org\/{rel}","templated":true}]}}