{"id":8738,"date":"2024-08-09T09:33:46","date_gmt":"2024-08-09T13:33:46","guid":{"rendered":"https:\/\/latinamericasecurityreport.com\/?p=8738"},"modified":"2024-08-12T10:02:31","modified_gmt":"2024-08-12T14:02:31","slug":"us-ambassador-confirms-mexican-drug-lord-ismael-el-mayo-zambada-was-brought-to-u-s-against-his-will","status":"publish","type":"post","link":"https:\/\/latinamericasecurityreport.com\/?p=8738","title":{"rendered":"US Ambassador Confirms Mexican Drug Lord Ismael \u2018El Mayo\u2019 Zambada Was Brought to U.S. Against His Will"},"content":{"rendered":"<p><img loading=\"lazy\" decoding=\"async\" class=\"alignnone size-medium\" src=\"https:\/\/dmn-dallas-news-prod.cdn.arcpublishing.com\/resizer\/v2\/2A5LOFHBU5BZVKGCHHTGAEXBZI.JPG?auth=11a252292d1cb4f6411d5f23d9c8e3b40faf7b24fc200ba4635cc8d0461421b1&amp;height=553&amp;width=830&amp;smart=true&amp;quality=40\" width=\"830\" height=\"553\"><\/p>\n<p>The U.S. ambassador to Mexico confirmed Friday that drug lord&nbsp;<span class=\"LinkEnhancement\"><a class=\"Link AnClick-LinkEnhancement\" href=\"https:\/\/apnews.com\/article\/sinaloa-cartel-ismael-zambada-court-hearing-texas-fa70b18172cef15665a94067b1bc9c53\" data-gtm-enhancement-style=\"LinkEnhancementA\">Ismael \u201cEl Mayo\u201d Zambada<\/a><\/span>&nbsp;was brought to the United States against his will when he arrived in Texas in July on a plane along with fellow drug lord Joaqu\u00edn Guzm\u00e1n L\u00f3pez.<\/p>\n<p>Zambada\u2019s attorney had earlier claimed the longtime chief of the Sinaloa cartel had been kidnapped. But officials had not confirmed that and Zambada\u2019s age and apparent ill-health had led some to speculate he turned himself in.<\/p>\n<p>U.S. Ambassador Ken Salazar on Friday said \u201cthe evidence we saw &#8230; is that they had brought El Mayo Zambada against his will.\u201d<\/p>\n<p>\u201cThis was an operation between cartels, where one turned the other one in,\u201d Salazar said. Zambada\u2019s faction of the Sinaloa cartel has been engaged in fierce fighting with another faction, led by the sons of imprisoned&nbsp;<span class=\"LinkEnhancement\"><a class=\"Link AnClick-LinkEnhancement\" href=\"https:\/\/apnews.com\/article\/mexico-joaquin-el-chapo-guzman-ba6371384d76f942c04201d588f7c6fc\" data-gtm-enhancement-style=\"LinkEnhancementA\">drug kingpin Joaqu\u00edn \u201cEl Chapo\u201d Guzm\u00e1n<\/a><\/span>. Guzm\u00e1n L\u00f3pez is the half-brother of the factional leaders.<\/p>\n<p>Salazar said no U.S. personnel, resources or aircraft were involved in the flight on which Guzm\u00e1n L\u00f3pez turned himself in, and that U.S. officials were \u201csurprised\u201d when the two&nbsp;<span class=\"LinkEnhancement\"><a class=\"Link AnClick-LinkEnhancement\" href=\"https:\/\/apnews.com\/article\/sinaloa-drug-cartel-leaders-mexico-us-arrest-1d658ece5313a4de35bed732b3a86abf\" data-gtm-enhancement-style=\"LinkEnhancementA\">showed up at an airport outside El Paso, Texas on July 25<\/a><\/span>.<\/p>\n<p>Frank P\u00e9rez, Zambada\u2019s attorney, said in a statement in July that \u201cmy client neither surrendered nor negotiated any terms with the U.S. government.\u201d<\/p>\n<p>\u201cJoaqu\u00edn Guzm\u00e1n L\u00f3pez forcibly kidnapped my client,\u201d P\u00e9rez wrote. \u201cHe was ambushed, thrown to the ground, and handcuffed by six men in military uniforms and Joaquin. His legs were tied, and a black bag was placed over his head.\u201d<\/p>\n<p>P\u00e9rez went on to say that Zambada, 76, was thrown in the back of a pickup truck, forced onto a plane and tied to the seat by Guzm\u00e1n L\u00f3pez.<\/p>\n<p>In early August, Zambada made his second appearance in federal court in Texas after being taken into U.S. custody the week before.<\/p>\n<p>Guzm\u00e1n L\u00f3pez had apparently long been in negotiations with U.S. authorities about possibly turning himself in.&nbsp;<span class=\"LinkEnhancement\"><a class=\"Link AnClick-LinkEnhancement\" href=\"https:\/\/apnews.com\/article\/cartel-arrest-chicago-guzman-lopez-hearing-89f2cd1b6281e1f0180db5bfd6b40461\" data-gtm-enhancement-style=\"LinkEnhancementA\">Guzm\u00e1n L\u00f3pez, 38, has pleaded not guilty<\/a><\/span>&nbsp;to drug trafficking and other charges in federal court in Chicago.<\/p>\n<p>But U.S. officials said they had almost no warning when Guzm\u00e1n L\u00f3pez\u2019s plane landed at an airport near El Paso. Both men&nbsp;<span class=\"LinkEnhancement\"><a class=\"Link AnClick-LinkEnhancement\" href=\"https:\/\/apnews.com\/article\/sinaloa-drug-cartel-leaders-mexico-us-arrest-1d658ece5313a4de35bed732b3a86abf\" data-gtm-enhancement-style=\"LinkEnhancementA\">were arrested and remain jailed<\/a><\/span>. They are charged in the U.S. with various drug crimes.<\/p>\n<p>Salazar said the plane had taken off from Sinaloa \u2014 the Pacific coast state where the cartel is headquartered \u2014 and had filed no flight plan. He stressed the pilot wasn\u2019t American, nor was the plane.<\/p>\n<p>The implication is that Guzm\u00e1n L\u00f3pez intended to turn himself in, and brought Zambada with him to procure more favorable treatment, but his motives remain unclear.<\/p>\n<p>Zambada was thought to be more involved in day-to-day operations of the cartel than his better-known and flashier boss, \u201cEl Chapo,\u201d who was&nbsp;<span class=\"LinkEnhancement\"><a class=\"Link AnClick-LinkEnhancement\" href=\"https:\/\/apnews.com\/article\/2b16e1b751b044f3a7581df96ed41ef3\" data-gtm-enhancement-style=\"LinkEnhancementA\">sentenced to life in prison<\/a><\/span>&nbsp;in the U.S. in 2019.<\/p>\n<p>Zambada is charged&nbsp;<span class=\"LinkEnhancement\"><a class=\"Link AnClick-LinkEnhancement\" href=\"https:\/\/apnews.com\/8fa6da0d096a4bc79717495270826684\" data-gtm-enhancement-style=\"LinkEnhancementA\">in a number of U.S. cases<\/a><\/span>, including in New York and California. Prosecutors brought a new indictment against him in New York in February, describing him as the \u201cprincipal leader of the criminal enterprise responsible for importing enormous quantities of narcotics into the United States.\u201d<\/p>\n<p>The capture of Zambada and Guzm\u00e1n L\u00f3pez \u2014 and the idea that one cartel faction had turned in the leader of the other \u2014 raised fears that the already divided cartel could descend into a spiral of violent infighting.<\/p>\n<p>That prompted Mexican President Andr\u00e9s Manuel L\u00f3pez Obrador to take the unusual step of&nbsp;<span class=\"LinkEnhancement\"><a class=\"Link AnClick-LinkEnhancement\" href=\"https:\/\/apnews.com\/article\/mexico-drug-lord-zambada-sinaloa-cartel-lopez-obrador-2a31512f7f94591bf1685a9b3bfff184\" data-gtm-enhancement-style=\"LinkEnhancementA\">issuing a public appeal<\/a><\/span>&nbsp;to drug cartels not to fight each other.<\/p>\n<p><em>&#8211; AP News<\/em><\/p>\n","protected":false},"excerpt":{"rendered":"<p>The U.S. ambassador to Mexico confirmed Friday that drug lord&nbsp;Ismael \u201cEl Mayo\u201d Zambada&nbsp;was brought to the United States against his will when he arrived in Texas in July on a plane along with fellow drug lord Joaqu\u00edn Guzm\u00e1n L\u00f3pez. Zambada\u2019s attorney had earlier claimed the longtime chief of the Sinaloa cartel had been kidnapped. But&hellip;<\/p>\n","protected":false},"author":124,"featured_media":8739,"comment_status":"open","ping_status":"closed","sticky":false,"template":"","format":"standard","meta":{"ngg_post_thumbnail":0,"fifu_image_url":"https:\/\/dmn-dallas-news-prod.cdn.arcpublishing.com\/resizer\/v2\/2A5LOFHBU5BZVKGCHHTGAEXBZI.JPG?auth=11a252292d1cb4f6411d5f23d9c8e3b40faf7b24fc200ba4635cc8d0461421b1&amp;height=553&amp;width=830&amp;smart=true&amp;quality=40","fifu_image_alt":"US Ambassador Confirms Mexican Drug Lord Ismael \u2018El Mayo\u2019 Zambada Was Brought to U.S. Against His Will","footnotes":""},"categories":[192],"tags":[],"class_list":["post-8738","post","type-post","status-publish","format-standard","has-post-thumbnail","hentry","category-polity-governance"],"_links":{"self":[{"href":"https:\/\/latinamericasecurityreport.com\/index.php?rest_route=\/wp\/v2\/posts\/8738","targetHints":{"allow":["GET"]}}],"collection":[{"href":"https:\/\/latinamericasecurityreport.com\/index.php?rest_route=\/wp\/v2\/posts"}],"about":[{"href":"https:\/\/latinamericasecurityreport.com\/index.php?rest_route=\/wp\/v2\/types\/post"}],"author":[{"embeddable":true,"href":"https:\/\/latinamericasecurityreport.com\/index.php?rest_route=\/wp\/v2\/users\/124"}],"replies":[{"embeddable":true,"href":"https:\/\/latinamericasecurityreport.com\/index.php?rest_route=%2Fwp%2Fv2%2Fcomments&post=8738"}],"version-history":[{"count":1,"href":"https:\/\/latinamericasecurityreport.com\/index.php?rest_route=\/wp\/v2\/posts\/8738\/revisions"}],"predecessor-version":[{"id":8740,"href":"https:\/\/latinamericasecurityreport.com\/index.php?rest_route=\/wp\/v2\/posts\/8738\/revisions\/8740"}],"wp:featuredmedia":[{"embeddable":true,"href":"https:\/\/latinamericasecurityreport.com\/index.php?rest_route=\/wp\/v2\/media\/8739"}],"wp:attachment":[{"href":"https:\/\/latinamericasecurityreport.com\/index.php?rest_route=%2Fwp%2Fv2%2Fmedia&parent=8738"}],"wp:term":[{"taxonomy":"category","embeddable":true,"href":"https:\/\/latinamericasecurityreport.com\/index.php?rest_route=%2Fwp%2Fv2%2Fcategories&post=8738"},{"taxonomy":"post_tag","embeddable":true,"href":"https:\/\/latinamericasecurityreport.com\/index.php?rest_route=%2Fwp%2Fv2%2Ftags&post=8738"}],"curies":[{"name":"wp","href":"https:\/\/api.w.org\/{rel}","templated":true}]}}