{"id":8690,"date":"2024-06-26T13:34:41","date_gmt":"2024-06-26T17:34:41","guid":{"rendered":"https:\/\/latinamericasecurityreport.com\/?p=8690"},"modified":"2024-06-28T13:39:33","modified_gmt":"2024-06-28T17:39:33","slug":"how-tensions-in-bolivia-fueled-an-attempt-to-oust-president-arce-from-power","status":"publish","type":"post","link":"https:\/\/latinamericasecurityreport.com\/?p=8690","title":{"rendered":"How Tensions in Bolivia Fueled an Attempt to Oust President Arce from Power"},"content":{"rendered":"<p><img loading=\"lazy\" decoding=\"async\" class=\"alignnone size-full\" src=\"https:\/\/cloudfront-us-east-2.images.arcpublishing.com\/reuters\/2XRVOD5AK5MMJGTTDKNCHLMJCA.jpg\" width=\"4119\" height=\"2746\"><\/p>\n<p>Armored vehicles&nbsp;<span class=\"LinkEnhancement\"><a class=\"Link AnClick-LinkEnhancement\" href=\"https:\/\/apnews.com\/article\/bolivia-military-deployment-arce-coup-fears-028cd88f3be1fb02164c05deb0faa099\" data-gtm-enhancement-style=\"LinkEnhancementA\">rammed into the doors of Bolivia\u2019s government palace<\/a><\/span>&nbsp;on Wednesday as President Luis Arce said his country faced an apparent attempted coup.<\/p>\n<p>In a sense, the uprising was the culmination of tensions that&nbsp;<span class=\"LinkEnhancement\"><a class=\"Link AnClick-LinkEnhancement\" href=\"https:\/\/apnews.com\/article\/bolivia-morales-arce-political-economic-crisis-d38051e051a2e6473a18133e4a9c6120\" data-gtm-enhancement-style=\"LinkEnhancementA\">have been brewing in Bolivia for months<\/a><\/span>, with protesters streaming into the nation\u2019s capital amid a severe economic crisis and as two political titans battle for control of the ruling party.<\/p>\n<p>At the same time, the attempt to take over the palace appeared to have lacked any meaningful support, and even Arce\u2019s rivals quickly closed ranks to defend democracy and repudiate the uprising.<\/p>\n<p><strong>What appears to have triggered this?<\/strong><\/p>\n<figure style=\"width: 1600px\" class=\"wp-caption alignnone\"><img loading=\"lazy\" decoding=\"async\" class=\"size-full\" src=\"https:\/\/dims.apnews.com\/dims4\/default\/2230c89\/2147483647\/strip\/true\/crop\/6016x4011+0+0\/resize\/1600x1066!\/format\/webp\/quality\/90\/?url=https%3A%2F%2Fassets.apnews.com%2Fea%2F3d%2F9863b8dc5c49e4ca9e4ad93c38c9%2F8d9a85551065494e89f72db7d9c7caee\" width=\"1600\" height=\"1066\"><figcaption class=\"wp-caption-text\">Bolivian President Luis Arce raises a clenched fist surrounded by supporters and media, outside the government palace in La Paz, Bolivia, Wednesday, June 26, 2024. (AP Photo\/Rodwy Cazon Barrios)<\/figcaption><\/figure>\n<p>Wednesday\u2019s uprising appeared to be led by general commander of the army Juan Jos\u00e9 Z\u00fa\u00f1iga, who told journalists gathered at the plaza outside the palace that \u201cSurely soon there will be a new Cabinet of ministers; our country, our state cannot go on like this.\u201d But he added that he recognizes Arce as commander in chief \u201cfor now.\u201d<\/p>\n<div class=\"SovrnAd Advertisement sovrn-story-feed proper-dynamic-insertion\" data-module=\"\" data-class=\"sovrn-story-feed\" data-delayadinsertion=\"\" data-ad-position=\"2\">Z\u00fa\u00f1iga did not explicitly say whether he was the uprising\u2019s leader, but in the palace, with bangs echoing behind him, he said the army was trying to \u201crestore democracy and free our political prisoners.\u201d<\/div>\n<div data-module=\"\" data-class=\"sovrn-story-feed\" data-delayadinsertion=\"\" data-ad-position=\"2\">\n<p>Arce ordered him to withdraw his soldiers, saying he would not allow the insubordination. Later, he officially removed Z\u00fa\u00f1iga from his post.<\/p>\n<p><strong>What is behind the recent tensions?<\/strong><\/p>\n<figure style=\"width: 1600px\" class=\"wp-caption alignnone\"><img loading=\"lazy\" decoding=\"async\" class=\"size-full\" src=\"https:\/\/dims.apnews.com\/dims4\/default\/6e5a295\/2147483647\/strip\/true\/crop\/6706x4343+0+0\/resize\/1600x1036!\/format\/webp\/quality\/90\/?url=https%3A%2F%2Fassets.apnews.com%2F1f%2Faa%2F17a09c063a6daad033c1a893cf28%2F1499259c32e44ebd87dacf57df346128\" width=\"1600\" height=\"1036\"><figcaption class=\"wp-caption-text\">Merchants shout slogans during an anti-government march against the banks\u2019 lack of U.S. dollars, in La Paz, Bolivia, June 17, 2024. (AP Photo\/Juan Karita, File)<\/figcaption><\/figure>\n<p>Bolivians have increasingly been suffering the pains of slow growth, surging inflation and&nbsp;<span class=\"LinkEnhancement\"><a class=\"Link AnClick-LinkEnhancement\" href=\"https:\/\/apnews.com\/article\/bolivia-economy-us-dollar-42f815800dd18eb0952590bb8b968cfd\" data-gtm-enhancement-style=\"LinkEnhancementA\">scarcity of dollars<\/a><\/span> \u2014 a stark change from the prior decade that some called an \u201ceconomic miracle.\u201d<\/p>\n<p>The country\u2019s economy grew by over 4%&nbsp;<span class=\"LinkEnhancement\"><a class=\"Link AnClick-LinkEnhancement\" href=\"https:\/\/apnews.com\/general-news-f9418618222e4531bee5d505ab5869ae\" data-gtm-enhancement-style=\"LinkEnhancementA\">nearly every year in the 2010s<\/a><\/span>&nbsp;until pitching into the abyss with the coronavirus pandemic. But trouble began earlier, in 2014, when commodity prices plunged and the government dipped into its currency reserves to sustain spending. Then it drew on its gold reserves and even sold dollar bonds locally.<\/p>\n<p>Arce had been finance minister during nearly the entire decade of strong growth, under leftist icon President Evo Morales. Upon assuming the presidency himself in 2020, he encountered a bleak economic&nbsp;<span class=\"LinkEnhancement\"><a class=\"Link AnClick-LinkEnhancement\" href=\"https:\/\/apnews.com\/article\/business-health-elections-coronavirus-pandemic-2019-2020-coronavirus-pandemic-72df12bfe3fa70bf63e44034aa1482a6\" data-gtm-enhancement-style=\"LinkEnhancementA\">reckoning from the pandemic<\/a><\/span>. Diminished gas production sealed the end of Bolivia\u2019s budget-busting economic model.<\/p>\n<p>Today, it\u2019s tapped out. Struggling to import fuel, lines of cars snake away from fuel-strapped gas stations. This year the International Monetary Fund forecasts growth of just 1.6%. Aside from the pandemic plunge in 2020, that would be Bolivia\u2019s slowest growth in 25 years.<\/p>\n<p>With this economic despair as a backdrop, president Arce and former leader Morales have clashed in a political fight that has paralyzed the government\u2019s efforts to deal with it. For example, Morales\u2019 allies in Congress have consistently thwarted Arce\u2019s attempts to take on debt to relieve some of the pressure.<\/p>\n<p><strong>How exceptional is the uprising?<\/strong><\/p>\n<figure style=\"width: 1600px\" class=\"wp-caption alignnone\"><img loading=\"lazy\" decoding=\"async\" class=\"size-full\" src=\"https:\/\/dims.apnews.com\/dims4\/default\/18d9bae\/2147483647\/strip\/true\/crop\/4375x2917+0+0\/resize\/1600x1066!\/format\/webp\/quality\/90\/?url=https%3A%2F%2Fassets.apnews.com%2F5b%2F60%2F8e7cb9aad08dab50e34b1f75d099%2Fee116dd8e355407684da1f33e1c340e5\" width=\"1600\" height=\"1066\"><figcaption class=\"wp-caption-text\">Military police block entry to Plaza Murillo in La Paz, Bolivia, Wednesday, June 26, 2024. (AP Photo\/Juan Karita)<\/figcaption><\/figure>\n<p>By one count, Bolivia has had&nbsp;<span class=\"LinkEnhancement\"><a class=\"Link AnClick-LinkEnhancement\" href=\"https:\/\/apnews.com\/article\/33ec1f034d6148579542eb2a427e96fb\" data-gtm-enhancement-style=\"LinkEnhancementA\">more than 190 coup attempts<\/a><\/span>&nbsp;and revolutions since its 1825 independence in a repetitive cycle of conflict between political elites in urban areas and disenfranchised by mobilized rural sectors.<\/p>\n<p>This isn\u2019t even the first alleged coup attempt in recent years.&nbsp;<span class=\"LinkEnhancement\"><a class=\"Link AnClick-LinkEnhancement\" href=\"https:\/\/apnews.com\/article\/33ec1f034d6148579542eb2a427e96fb\" data-gtm-enhancement-style=\"LinkEnhancementA\">In 2019<\/a><\/span>, Morales, then Bolivia\u2019s first Indigenous president,&nbsp;<span class=\"LinkEnhancement\"><a class=\"Link AnClick-LinkEnhancement\" href=\"https:\/\/apnews.com\/general-news-8b437e8c07bc4ed795aaa031366c9519\" data-gtm-enhancement-style=\"LinkEnhancementA\">ran for an unconstitutional third term<\/a><\/span>. He won a contested vote plagued by allegations of fraud,&nbsp;<span class=\"LinkEnhancement\"><a class=\"Link AnClick-LinkEnhancement\" href=\"https:\/\/apnews.com\/general-news-4fcd6a5f055b44299178d6573734eea0\" data-gtm-enhancement-style=\"LinkEnhancementA\">setting off mass protests<\/a><\/span>&nbsp;that caused 36 deaths and prompted Morales to resign and flee the country.<\/p>\n<p>An&nbsp;<span class=\"LinkEnhancement\"><a class=\"Link AnClick-LinkEnhancement\" href=\"https:\/\/apnews.com\/article\/caribbean-ap-top-news-international-news-la-paz-latin-america-3fdae407d6dd480cb1a9f59936040551\" data-gtm-enhancement-style=\"LinkEnhancementA\">interim government from the right-wing opposition<\/a><\/span>&nbsp;took control, led by Jeanine \u00c1\u00f1ez and Morales\u2019 Movement for Socialism, known by its Spanish acronym MAS,&nbsp;<span class=\"LinkEnhancement\"><a class=\"Link AnClick-LinkEnhancement\" href=\"https:\/\/apnews.com\/article\/evo-morales-did-a-coup-force-6b2c94306089451d9761878c9f7ce2f1\" data-gtm-enhancement-style=\"LinkEnhancementA\">called it a coup.<\/a><\/span><\/p>\n<p>Arce, Morales\u2019s chosen successor,&nbsp;<span class=\"LinkEnhancement\"><a class=\"Link AnClick-LinkEnhancement\" href=\"https:\/\/apnews.com\/article\/virus-outbreak-evo-morales-la-paz-elections-voting-fraud-and-irregularities-d5676d406b4baa4d35276975b31b0656\" data-gtm-enhancement-style=\"LinkEnhancementA\">won the election<\/a><\/span>&nbsp;pledging to restore prosperity to Bolivia, once Latin America\u2019s mainstay source of natural gas.<\/p>\n<p><strong>How much political power does Arce have?<\/strong><\/p>\n<figure style=\"width: 1600px\" class=\"wp-caption alignnone\"><img loading=\"lazy\" decoding=\"async\" class=\"size-full\" src=\"https:\/\/dims.apnews.com\/dims4\/default\/c547af0\/2147483647\/strip\/true\/crop\/6586x4454+0+0\/resize\/1600x1082!\/format\/webp\/quality\/90\/?url=https%3A%2F%2Fassets.apnews.com%2F8d%2Ffb%2Fa9d0b2d1b85d27d0d0ac4875cb47%2F16a1edf5a2ac451a9490e2021220bfd7\" width=\"1600\" height=\"1082\"><figcaption class=\"wp-caption-text\">FILE &#8211; Bolivia\u2019s President Luis Arce, center, attends a ritual in honor of \u201cPachamama,\u201d or Mother Earth, to mark Arce\u2019s third year of government, in La Paz, Bolivia, Nov. 8, 2023. (AP Photo\/Juan Karita, File)<\/figcaption><\/figure>\n<p>Morales, who still draws considerable support from coca farmers and union workers, was apparently not content to let Arce run for reelection unchallenged.&nbsp;<span class=\"LinkEnhancement\"><a class=\"Link AnClick-LinkEnhancement\" href=\"https:\/\/apnews.com\/article\/argentina-bolivia-latin-america-evo-morales-4f5ff3b663086bacd71c7f3672c3d014\" data-gtm-enhancement-style=\"LinkEnhancementA\">After returning from exile<\/a><\/span>, the charismatic populist last year announced plans to run in the 2025 presidential race, setting off a pitched battle for control of a splintering MAS.<\/p>\n<p>Each man has been seeking to galvanize support for himself \u2014 and to undermine his erstwhile ally. That political fight has paralyzed government efforts to deal with the deepening economic despair and analysts have been warning&nbsp;<span class=\"LinkEnhancement\"><a class=\"Link AnClick-LinkEnhancement\" href=\"https:\/\/apnews.com\/article\/politics-la-paz-caribbean-santa-cruz-bolivia-a0f13932f8cb20fa7928843bdfb0ec5f\" data-gtm-enhancement-style=\"LinkEnhancementA\">social unrest<\/a><\/span>&nbsp;could be explosive.<\/p>\n<p>\u201cArce lacks Evo\u2019s charisma, political skills and legacy. But he controls the state apparatus,\u201d Benjamin Gedan, director of the Latin America Program at the Washington-based Wilson Center, said in a text message. \u201cNormally, the upcoming election would serve as a pressure valve. But with Evo\u2019s candidacy up in the air, the opposition divided and the economy in disarray, Bolivia is clearly on edge.\u201d<\/p>\n<p>Despite their differences, both leaders were quick to denounce Wednesday what they called an attempted coup. So, too, did Bolivia\u2019s former interim President \u00c1\u00f1ez, who said on X that Arce and Morales should instead be voted out in 2025.<\/p>\n<p>Leaders from Chile, Paraguay, Brazil, Ecuador and the EU also expressed their support.<\/p>\n<p>\u201cWe strongly condemn the unacceptable action of force by a sector of that country\u2019s army,\u201d said Chile\u2019s President Gabriel Boric. \u201cWe cannot tolerate any breach of the legitimate constitutional order in Bolivia or anywhere else.\u201d<\/p>\n<p>\u201cIt\u2019s a dynamic situation and there is a long history of military coups in Bolivia, but a lot of domestic and global power brokers are lining up behind Arce,\u201d said Brian Winter, vice president of the New York-based Council of the Americas.<\/p>\n<p><em>&#8211; David Biller and El\u00e9onore Hughes, AP News<\/em><\/p>\n<\/div>\n","protected":false},"excerpt":{"rendered":"<p>Armored vehicles&nbsp;rammed into the doors of Bolivia\u2019s government palace&nbsp;on Wednesday as President Luis Arce said his country faced an apparent attempted coup. In a sense, the uprising was the culmination of tensions that&nbsp;have been brewing in Bolivia for months, with protesters streaming into the nation\u2019s capital amid a severe economic crisis and as two political&hellip;<\/p>\n","protected":false},"author":124,"featured_media":8691,"comment_status":"open","ping_status":"closed","sticky":false,"template":"","format":"standard","meta":{"ngg_post_thumbnail":0,"fifu_image_url":"https:\/\/cloudfront-us-east-2.images.arcpublishing.com\/reuters\/2XRVOD5AK5MMJGTTDKNCHLMJCA.jpg","fifu_image_alt":"How Tensions in Bolivia Fueled an Attempt to Oust President Arce from Power","footnotes":""},"categories":[192],"tags":[],"class_list":["post-8690","post","type-post","status-publish","format-standard","has-post-thumbnail","hentry","category-polity-governance"],"_links":{"self":[{"href":"https:\/\/latinamericasecurityreport.com\/index.php?rest_route=\/wp\/v2\/posts\/8690","targetHints":{"allow":["GET"]}}],"collection":[{"href":"https:\/\/latinamericasecurityreport.com\/index.php?rest_route=\/wp\/v2\/posts"}],"about":[{"href":"https:\/\/latinamericasecurityreport.com\/index.php?rest_route=\/wp\/v2\/types\/post"}],"author":[{"embeddable":true,"href":"https:\/\/latinamericasecurityreport.com\/index.php?rest_route=\/wp\/v2\/users\/124"}],"replies":[{"embeddable":true,"href":"https:\/\/latinamericasecurityreport.com\/index.php?rest_route=%2Fwp%2Fv2%2Fcomments&post=8690"}],"version-history":[{"count":1,"href":"https:\/\/latinamericasecurityreport.com\/index.php?rest_route=\/wp\/v2\/posts\/8690\/revisions"}],"predecessor-version":[{"id":8692,"href":"https:\/\/latinamericasecurityreport.com\/index.php?rest_route=\/wp\/v2\/posts\/8690\/revisions\/8692"}],"wp:featuredmedia":[{"embeddable":true,"href":"https:\/\/latinamericasecurityreport.com\/index.php?rest_route=\/wp\/v2\/media\/8691"}],"wp:attachment":[{"href":"https:\/\/latinamericasecurityreport.com\/index.php?rest_route=%2Fwp%2Fv2%2Fmedia&parent=8690"}],"wp:term":[{"taxonomy":"category","embeddable":true,"href":"https:\/\/latinamericasecurityreport.com\/index.php?rest_route=%2Fwp%2Fv2%2Fcategories&post=8690"},{"taxonomy":"post_tag","embeddable":true,"href":"https:\/\/latinamericasecurityreport.com\/index.php?rest_route=%2Fwp%2Fv2%2Ftags&post=8690"}],"curies":[{"name":"wp","href":"https:\/\/api.w.org\/{rel}","templated":true}]}}