{"id":8650,"date":"2024-06-03T16:50:05","date_gmt":"2024-06-03T20:50:05","guid":{"rendered":"https:\/\/latinamericasecurityreport.com\/?p=8650"},"modified":"2024-06-03T16:50:05","modified_gmt":"2024-06-03T20:50:05","slug":"mexico-elects-first-female-president-%e2%88%92-but-will-that-improve-the-lot-of-countrys-women","status":"publish","type":"post","link":"https:\/\/latinamericasecurityreport.com\/?p=8650","title":{"rendered":"Mexico Elects First Female President \u2212 but Will That Improve the Lot of Country\u2019s Women?"},"content":{"rendered":"<figure style=\"width: 1920px\" class=\"wp-caption alignnone\"><img loading=\"lazy\" decoding=\"async\" class=\"size-full\" src=\"https:\/\/images.theconversation.com\/files\/598026\/original\/file-20240603-19-2o9bv8.jpg\" width=\"1920\" height=\"1280\" \/><figcaption class=\"wp-caption-text\">President-elect Claudia Sheinbaum celebrates historic win. AP Photo\/Marco Ugarte<\/figcaption><\/figure>\n<p><a href=\"https:\/\/theconversation.com\/profiles\/xavier-medina-vidal-1471484\">Xavier Medina Vidal<\/a>, <em><a href=\"https:\/\/theconversation.com\/institutions\/university-of-texas-at-arlington-718\">University of Texas at Arlington<\/a><\/em> and <a href=\"https:\/\/theconversation.com\/profiles\/christopher-chambers-ju-1471485\">Christopher Chambers-Ju<\/a>, <em><a href=\"https:\/\/theconversation.com\/institutions\/university-of-texas-at-arlington-718\">University of Texas at Arlington<\/a><\/em><\/p>\n<p>Mexico will have its first woman president following a <a href=\"https:\/\/apnews.com\/article\/mexico-election-women-issues-b94710ba07324df14714c56589fc55c3\">landmark vote<\/a> on June 2, 2024.<\/p>\n<p>After an <a href=\"https:\/\/www.nbcnews.com\/now\/video\/political-violence-continues-in-mexico-days-before-historic-election-212067397565\">election period marred by violence<\/a>, ruling Morena party candidate Claudia Sheinbaum, a former Mexico City mayor, emerged as the victor with about 60% of the vote \u2013 a larger share of the vote than her mentor and predecessor, President Andr\u00e9s Manuel L\u00f3pez Obrador, won in 2018. Sheinbaum beat rival X\u00f3chitl G\u00e1lvez, a senator for the center-right National Action Party, who trailed with less than 30% of the vote.<\/p>\n<p>Acknowledging the significance of the occasion, <a href=\"https:\/\/www.reuters.com\/world\/americas\/mexicans-vote-election-seen-crowning-first-female-president-2024-06-02\/\">Sheinbaum said<\/a>: \u201cFor the first time in the 200 years of the republic I will become the first woman president of Mexico.\u201d<\/p>\n<p>But as <a href=\"https:\/\/www.uta.edu\/academics\/faculty\/profile?username=vidalxm\">scholars who study politics<\/a> <a href=\"https:\/\/cchambersju-research.uta.edu\/\">and gender in Mexico<\/a>, we know that optics are one thing, actual power another. Seventy years after <a href=\"https:\/\/doi.org\/10.1215\/00182168-45.1.164\">women won the right to vote<\/a> in Mexico, is the country moving any closer to making changes that would give women real equality?<\/p>\n<p><strong>Uneven fight for gender equality<\/strong><\/p>\n<p>Women now <a href=\"https:\/\/www.washingtonpost.com\/world\/2021\/09\/07\/mexico-women-gender-parity\/\">represent half of Congress<\/a>, after electoral reforms nearly a decade ago mandated gender parity in nominations to Mexico\u2019s legislatures. And two women, Ana Lilia Rivera and Marcela Guerra Castillo, occupy the top posts in both chambers of Congress. Meanwhile, Norma Luc\u00eda Pi\u00f1a is the <a href=\"https:\/\/www.voanews.com\/a\/mexico-s-supreme-court-elects-first-female-chief-justice-\/6901488.html\">first woman to serve as chief justice<\/a> of Mexico\u2019s Supreme Court. Preliminary election night results also favor Sheinbaum\u2019s Morena party, giving them a <a href=\"https:\/\/www.sinembargo.mx\/03-06-2024\/4506829\">supermajority in Congress<\/a>. As such, Sheinbaum will very likely have ample support for a feminist political agenda should she pursue one.<\/p>\n<p>But electing women to high office doesn\u2019t necessarily shift power in meaningful ways. It\u2019s what experts on women in politics call \u201c<a href=\"https:\/\/doi.org\/10.1093\/acrefore\/9780190228637.013.1978\">descriptive representation<\/a>\u201d \u2013 when political leaders resemble a group of voters but fail to set policies designed to protect them. In contrast, \u201c<a href=\"https:\/\/doi.org\/10.1177\/14789299231154864\">substantive representation<\/a>\u201d occurs when officials enact laws that truly benefit the groups that they claim to represent.<\/p>\n<p>Scholars who study the difference between the two, including <a href=\"https:\/\/polsci.umass.edu\/people\/sonia-e-alvarez\">Sonia Alvarez<\/a>, <a href=\"https:\/\/polisci.unm.edu\/people\/faculty\/profile\/mala-htun.html\">Mala Htun<\/a> and <a href=\"https:\/\/www.oxy.edu\/academics\/faculty\/jennifer-piscopo\">Jennifer Piscopo<\/a>, have found that wins in public spheres, such as the right to vote or hold office, have rarely led to progress for women in private spaces \u2013 such as the right to reproductive freedom or protections against domestic violence.<\/p>\n<figure class=\"align-center \">\n<figure style=\"width: 600px\" class=\"wp-caption alignleft\"><img loading=\"lazy\" decoding=\"async\" src=\"https:\/\/images.theconversation.com\/files\/598183\/original\/file-20240603-17-lu5jz0.jpg?ixlib=rb-4.1.0&amp;q=45&amp;auto=format&amp;w=754&amp;fit=clip\" sizes=\"auto, (min-width: 1466px) 754px, (max-width: 599px) 100vw, (min-width: 600px) 600px, 237px\" srcset=\"https:\/\/images.theconversation.com\/files\/598183\/original\/file-20240603-17-lu5jz0.jpg?ixlib=rb-4.1.0&amp;q=45&amp;auto=format&amp;w=600&amp;h=400&amp;fit=crop&amp;dpr=1 600w, https:\/\/images.theconversation.com\/files\/598183\/original\/file-20240603-17-lu5jz0.jpg?ixlib=rb-4.1.0&amp;q=30&amp;auto=format&amp;w=600&amp;h=400&amp;fit=crop&amp;dpr=2 1200w, https:\/\/images.theconversation.com\/files\/598183\/original\/file-20240603-17-lu5jz0.jpg?ixlib=rb-4.1.0&amp;q=15&amp;auto=format&amp;w=600&amp;h=400&amp;fit=crop&amp;dpr=3 1800w, https:\/\/images.theconversation.com\/files\/598183\/original\/file-20240603-17-lu5jz0.jpg?ixlib=rb-4.1.0&amp;q=45&amp;auto=format&amp;w=754&amp;h=503&amp;fit=crop&amp;dpr=1 754w, https:\/\/images.theconversation.com\/files\/598183\/original\/file-20240603-17-lu5jz0.jpg?ixlib=rb-4.1.0&amp;q=30&amp;auto=format&amp;w=754&amp;h=503&amp;fit=crop&amp;dpr=2 1508w, https:\/\/images.theconversation.com\/files\/598183\/original\/file-20240603-17-lu5jz0.jpg?ixlib=rb-4.1.0&amp;q=15&amp;auto=format&amp;w=754&amp;h=503&amp;fit=crop&amp;dpr=3 2262w\" alt=\"A woman holds a green flare during a street protest.\" width=\"600\" height=\"400\" \/><figcaption class=\"wp-caption-text\">Members of feminist organizations demonstrate on Sept. 28, 2023, in Mexico City in favor of the decriminalization of abortion. Silvana Flores\/AFP via Getty Images<\/figcaption><\/figure><\/figure>\n<p>In other words, Mexico may have surpassed many countries, including the U.S., in promoting women to political leadership positions, but it still hasn\u2019t shed its <a href=\"https:\/\/www.bbc.com\/news\/world-36324570\">stigma of machismo<\/a> and its <a href=\"https:\/\/www.brookings.edu\/articles\/mexico-takes-another-step-toward-its-authoritarian-past\/\">history of authoritarianism<\/a>.<\/p>\n<p>In the 1990s, a <a href=\"https:\/\/www.cambridge.org\/core\/journals\/politics-and-gender\/article\/abs\/regionalizing-womens-human-rights-in-latin-america\/8469F364E098DD1D8CF3088CC58BC86B\">resurgent feminist movement<\/a> throughout Latin America led to major breakthroughs in women\u2019s rights. By the end of the decade, many countries had passed legislation against gender-based violence and reforms requiring gender quotas in party nomination lists. In the past 17 years, seven women have been elected president across Central and South America.<\/p>\n<p>Yet the fight for gender equality has advanced unevenly. Mexico is a country still rattled by <a href=\"https:\/\/www.ohchr.org\/en\/stories\/2023\/07\/were-here-tell-it-mexican-women-break-silence-over-femicides\">high rates of femicide<\/a>. Government data shows that, on average, <a href=\"https:\/\/apnews.com\/article\/mexico-caribbean-gender-6594c9b2c9ea39a52dc3204e16be704c\">10 women and girls are killed every day<\/a> by partners or family members.<\/p>\n<p><strong>Government accused of harassment<\/strong><\/p>\n<p>A big question now is whether Sheinbaum will be able to address the issue of gender violence, which her predecessors failed to do.<\/p>\n<p>Any skepticism surrounding the willingness of Sheinbaum\u2019s government to implement a truly feminist agenda would be justified: Her campaign theme was one of continuity, and she has hesitated, to date, to <a href=\"https:\/\/www.bbc.com\/mundo\/articles\/cy003j5yyj3o#:%7E:text=Y%20en%20eso%2C%20pues%2C%20coinciden,atender%20a%20los%20m%C3%A1s%20vulnerables.\">deviate much, if at all, from L\u00f3pez Obrador\u2019s agenda<\/a>.<\/p>\n<p>Under L\u00f3pez Obrador, Morena was accused of downplaying the extent of the femicide crisis, with at least one critic claiming that L\u00f3pez Obrador was \u201c<a href=\"https:\/\/www.nytimes.com\/2020\/05\/31\/world\/americas\/violence-women-mexico-president.html\">the first president to outright deny<\/a>\u201d the violence.<\/p>\n<p>Rather, L\u00f3pez Obrador used his daily \u201cma\u00f1anera\u201d news conference to issue <a href=\"https:\/\/www.aljazeera.com\/news\/2023\/7\/14\/mexico-president-continues-attacks-on-opposition-despite-order\">verbal assaults against women<\/a> in office, including Sheinbaum\u2019s defeated rival, G\u00e1lvez. In July 2023, the independent <a href=\"https:\/\/www.wilsoncenter.org\/article\/mexicos-national-electoral-institute-explainer\">National Electoral Institute<\/a> found L\u00f3pez Obrador guilty of targeting G\u00e1lvez in derogatory statements related to her gender.<\/p>\n<p>L\u00f3pez Obrador also denounced Pi\u00f1a, the Supreme Court chief justice, in what Mexico\u2019s National Association of Judges <a href=\"https:\/\/www.facebook.com\/jufed.org\/photos\/a.119395656264809\/742860923918276\/?type=3\">has described as hate speech<\/a> and the federal judiciary condemned as \u201c<a href=\"https:\/\/twitter.com\/SCJN\/status\/1637968261143986176?s=20\">gender-based violence<\/a>\u201d and hatred against her. His statements at <a href=\"https:\/\/apnews.com\/article\/mexico-lopez-obrador-politics-rally-elections-5160cbaf5ccd453f7333d651e41b79dd\">a rally in March<\/a> incited his followers to burn <a href=\"https:\/\/cdn.jwplayer.com\/previews\/JNtltrZs\">Pi\u00f1a in effigy<\/a>, prompting critics to suggest that such attacks don\u2019t simply reflect L\u00f3pez Obrador\u2019s distaste for checks and balances but <a href=\"https:\/\/www.nycbar.org\/member-and-career-services\/committees\/reports-listing\/reports\/detail\/second-statement-condemning-the-mexican-presidents-attacks-on-judicial-independence#_ftn14\">aim to undermine women<\/a> in positions of power.<\/p>\n<p><strong>Mexico\u2019s patronage politics<\/strong><\/p>\n<p>Observers see Sheinbaum as L\u00f3pez Obrador\u2019s handpicked successor: He publicly endorsed her, and she has vowed to continue his \u201cfourth transformation,\u201d a campaign promise to end government corruption and reduce poverty that\u2019s had <a href=\"https:\/\/elpais.com\/mexico\/2022-02-22\/la-fiscalia-abre-una-investigacion-por-el-caso-del-hijo-de-lopez-obrador-y-un-contratista-de-pemex.html\">mixed results<\/a>.<\/p>\n<p>Sheinbaum\u2019s record as mayor of Mexico City is equally mixed. She has publicly described herself as a <a href=\"https:\/\/www.capital21.cdmx.gob.mx\/noticias\/?p=3084\">feminist<\/a> and has <a href=\"https:\/\/www.reuters.com\/world\/americas\/mexican-mayor-doubles-down-accusation-alleged-femicide-cover-up-2023-01-17\/\">criticized<\/a> state prosecutors for covering up the killing of Ariadna Lopez, a 27-year-old woman. At the same time, Sheinbaum <a href=\"https:\/\/mexiconewsdaily.com\/news\/mayor-apologizes-to-protesters\/\">attempted to criminalize participants<\/a> of a mass protest over the thousands of women who\u2019ve disappeared in recent years, claiming that these demonstrations were violent.<\/p>\n<p>Political scientists have shown that even when the faces of politics change, the operatives behind the scenes can stay the same \u2013 especially in Mexico, where political parties are <a href=\"https:\/\/www.cambridge.org\/core\/books\/voting-for-autocracy\/F6671D230EC7C458A30035ADB20F9289\">mired in patronage politics<\/a> \u2013 when party leaders reward loyalty by deciding who gets to run for office and who gets to keep their jobs when the government is handed over to a new administration.<\/p>\n<p>Sheinbaum will likely still be beholden to the Morena coalition and will rely to a large degree on L\u00f3pez Obrador to help push through her policies.<\/p>\n<p><strong>A feminist future?<\/strong><\/p>\n<p>On the campaign trail, Sheinbaum, along with her rival, G\u00e1lvez, <a href=\"https:\/\/gatopardo.com\/noticias-actuales\/claudia-sheinbaum\/\">championed women<\/a> and <a href=\"https:\/\/www.washingtonpost.com\/opinions\/2023\/08\/20\/mexico-presidential-elections-galvez-interview\/\">shared their experiences as women<\/a>.<\/p>\n<p>But in the closing stages of the campaign, neither Sheinbaum nor G\u00e1lvez offered much more than the \u201chistoric first\u201d argument to potential voters. As a result, the extension of women\u2019s rights under the new government remains uncertain.<\/p>\n<p>Aside from front-line politics, women\u2019s rights in Mexico have moved forward when leaders have committed to substantive change.<\/p>\n<p>Notably, Mexico\u2019s Supreme Court under Pin\u00e3 has declared all federal and state laws <a href=\"https:\/\/elpais.com\/mexico\/2023-01-05\/el-empuje-de-la-nueva-presidenta-norma-pina-a-la-agenda-feminista-de-criticar-la-violencia-obstetrica-a-defender-el-aborto.html\">prohibiting abortion unconstitutional<\/a>. When Pi\u00f1a took office, she <a href=\"https:\/\/elpais.com\/mexico\/2023-01-05\/el-empuje-de-la-nueva-presidenta-norma-pina-a-la-agenda-feminista-de-criticar-la-violencia-obstetrica-a-defender-el-aborto.html?event=go&amp;event_log=go&amp;prod=REGCRARTMEX&amp;o=cerrmex\">promised to take on women\u2019s rights<\/a> in her agenda. So far, she\u2019s delivered.<\/p>\n<p>If Sheinbaum hopes to have similar success, she\u2019ll need to follow Pin\u00e3\u2019s lead by centering her platforms on the issues that most affect women in their day-to-day lives, beginning with rising femicide rates. Women may be gaining political power in Mexico, but the question now is whether they\u2019ll use it to fight for the women they represent.<\/p>\n<p><em>This is an updated version of an <a href=\"https:\/\/theconversation.com\/mexico-will-soon-elect-its-first-female-president-but-that-landmark-masks-an-uneven-march-toward-womens-rights-213717\">article originally published<\/a> on Nov. 13, 2023.<\/em><!-- Below is The Conversation's page counter tag. Please DO NOT REMOVE. --><img loading=\"lazy\" decoding=\"async\" style=\"border: none !important; box-shadow: none !important; margin: 0 !important; max-height: 1px !important; max-width: 1px !important; min-height: 1px !important; min-width: 1px !important; opacity: 0 !important; outline: none !important; padding: 0 !important;\" src=\"https:\/\/counter.theconversation.com\/content\/231461\/count.gif?distributor=republish-lightbox-basic\" alt=\"The Conversation\" width=\"1\" height=\"1\" \/><!-- End of code. If you don't see any code above, please get new code from the Advanced tab after you click the republish button. The page counter does not collect any personal data. More info: https:\/\/theconversation.com\/republishing-guidelines --><\/p>\n<p><a href=\"https:\/\/theconversation.com\/profiles\/xavier-medina-vidal-1471484\">Xavier Medina Vidal<\/a>, Associate Professor of Political Science and Director of the Center for Mexican American Studies, <em><a href=\"https:\/\/theconversation.com\/institutions\/university-of-texas-at-arlington-718\">University of Texas at Arlington<\/a><\/em> and <a href=\"https:\/\/theconversation.com\/profiles\/christopher-chambers-ju-1471485\">Christopher Chambers-Ju<\/a>, Assistant Professor of Political Science, <em><a href=\"https:\/\/theconversation.com\/institutions\/university-of-texas-at-arlington-718\">University of Texas at Arlington<\/a><\/em><\/p>\n<p>This article is republished from <a href=\"https:\/\/theconversation.com\">The Conversation<\/a> under a Creative Commons license.<\/p>\n","protected":false},"excerpt":{"rendered":"<p>Xavier Medina Vidal, University of Texas at Arlington and Christopher Chambers-Ju, University of Texas at Arlington Mexico will have its first woman president following a landmark vote on June 2, 2024. After an election period marred by violence, ruling Morena party candidate Claudia Sheinbaum, a former Mexico City mayor, emerged as the victor with about&hellip;<\/p>\n","protected":false},"author":124,"featured_media":8651,"comment_status":"open","ping_status":"closed","sticky":false,"template":"","format":"standard","meta":{"ngg_post_thumbnail":0,"fifu_image_url":"https:\/\/images.theconversation.com\/files\/598026\/original\/file-20240603-19-2o9bv8.jpg","fifu_image_alt":"Mexico Elects First Female President \u2212 but Will That Improve the Lot of Country\u2019s Women?","footnotes":""},"categories":[192],"tags":[],"class_list":["post-8650","post","type-post","status-publish","format-standard","has-post-thumbnail","hentry","category-polity-governance"],"_links":{"self":[{"href":"https:\/\/latinamericasecurityreport.com\/index.php?rest_route=\/wp\/v2\/posts\/8650","targetHints":{"allow":["GET"]}}],"collection":[{"href":"https:\/\/latinamericasecurityreport.com\/index.php?rest_route=\/wp\/v2\/posts"}],"about":[{"href":"https:\/\/latinamericasecurityreport.com\/index.php?rest_route=\/wp\/v2\/types\/post"}],"author":[{"embeddable":true,"href":"https:\/\/latinamericasecurityreport.com\/index.php?rest_route=\/wp\/v2\/users\/124"}],"replies":[{"embeddable":true,"href":"https:\/\/latinamericasecurityreport.com\/index.php?rest_route=%2Fwp%2Fv2%2Fcomments&post=8650"}],"version-history":[{"count":1,"href":"https:\/\/latinamericasecurityreport.com\/index.php?rest_route=\/wp\/v2\/posts\/8650\/revisions"}],"predecessor-version":[{"id":8652,"href":"https:\/\/latinamericasecurityreport.com\/index.php?rest_route=\/wp\/v2\/posts\/8650\/revisions\/8652"}],"wp:featuredmedia":[{"embeddable":true,"href":"https:\/\/latinamericasecurityreport.com\/index.php?rest_route=\/wp\/v2\/media\/8651"}],"wp:attachment":[{"href":"https:\/\/latinamericasecurityreport.com\/index.php?rest_route=%2Fwp%2Fv2%2Fmedia&parent=8650"}],"wp:term":[{"taxonomy":"category","embeddable":true,"href":"https:\/\/latinamericasecurityreport.com\/index.php?rest_route=%2Fwp%2Fv2%2Fcategories&post=8650"},{"taxonomy":"post_tag","embeddable":true,"href":"https:\/\/latinamericasecurityreport.com\/index.php?rest_route=%2Fwp%2Fv2%2Ftags&post=8650"}],"curies":[{"name":"wp","href":"https:\/\/api.w.org\/{rel}","templated":true}]}}