{"id":8112,"date":"2023-04-20T08:04:40","date_gmt":"2023-04-20T12:04:40","guid":{"rendered":"https:\/\/latinamericasecurityreport.com\/?p=8112"},"modified":"2023-04-20T08:04:40","modified_gmt":"2023-04-20T12:04:40","slug":"cubas-parliament-ratifies-president-diaz-canel-for-new-term","status":"publish","type":"post","link":"https:\/\/latinamericasecurityreport.com\/?p=8112","title":{"rendered":"Cuba\u2019s Parliament Ratifies President D\u00edaz-Canel for New Term"},"content":{"rendered":"<figure style=\"width: 800px\" class=\"wp-caption alignnone\"><img loading=\"lazy\" decoding=\"async\" class=\"size-medium\" src=\"https:\/\/storage.googleapis.com\/afs-prod\/media\/8b97b8e2fb8b4d3180b41b812e8b8c45\/800.webp\" width=\"800\" height=\"533\"><figcaption class=\"wp-caption-text\">Cuba&#8217;s President Miguel Diaz-Canel waves as he arrives for a session during the 28th Ibero-American Summit in Santo Domingo, Dominican Republic, March 25, 2023. (AP Photo\/Ariana Cubillos, File)<\/figcaption><\/figure>\n<p class=\"Component-root-0-2-72 p Component-p-0-2-62\">Cuba\u2019s National Assembly on Wednesday ratified President Miguel D\u00edaz-Canel for a new five-year term, in a decision to maintain continuity as the island faces a deep economic crisis.<\/p>\n<p class=\"Component-root-0-2-72 p Component-p-0-2-62\">More than 400 representatives to the assembly who were ratified by voters in March took office early Wednesday and then convened the chamber to elect the government\u2019s leadership and the president. D\u00edaz-Canel obtained the votes of 459 of the 462 legislators present.<\/p>\n<p class=\"Component-root-0-2-72 p Component-p-0-2-62\">Vice President Salvador Vald\u00e9s Mesa also was ratified, by 439 votes.<\/p>\n<p class=\"Component-root-0-2-72 p Component-p-0-2-62\">In his new term, D\u00edaz-Canel must deal with a severe recession prompted by the COVID-19 pandemic, soaring inflation triggered by a series of financial policy decisions and strict sanctions imposed by the U.S. He also must grapple with discontent among many Cubans expressed in part through record rates of emigration to the U.S. and elsewhere.<\/p>\n<p class=\"Component-root-0-2-72 p Component-p-0-2-62\">Among the measures his team will be focusing on \u201cimmediately,\u201d D\u00edaz-Canel said, are food production, an increase in exports, and the development of the \u201csocialist-state enterprise.\u201d<\/p>\n<div class=\"Component-dfp-0-2-66 apnews_article_midarticle_1\" data-card-id=\"sovrn-article-midarticle\">\n<p class=\"Component-root-0-2-72 p Component-p-0-2-62\">He added that controlling inflation is a priority in the country\u2019s \u201ceconomic battle.\u201d<\/p>\n<p class=\"Component-root-0-2-72 p Component-p-0-2-62\">D\u00edaz-Canel, a slow-talking, gray-haired former engineer who turns 63 this week, also heads the party.<\/p>\n<p class=\"Component-root-0-2-72 p Component-p-0-2-62\">In 2018, he became Cuba\u2019s first leader in six decades not surnamed Castro, after Raul Castro went into semi-retirement following his stint as president. He had taken over from his brother, Cuba\u2019s revolutionary leader Fidel Castro, in 2016.<\/p>\n<p class=\"Component-root-0-2-72 p Component-p-0-2-62\">The country had \u201chopes of political and economic changes\u201d at the time, but D\u00edaz-Canel instead has become the standard bearer of continuity, said Luis Carlos Battista, a Cuban-American analyst and lawyer living in Washington.<\/p>\n<p class=\"Component-root-0-2-72 p Component-p-0-2-62\">\u201cThe president, five years after being ratified by the National Assembly, has not yet managed to convey to the public an idea of \u200b\u200bprogress,\u201d Battista said.<\/p>\n<p class=\"Component-root-0-2-72 p Component-p-0-2-62\">In recent years, the economy has collapsed, with GDP falling 11% in 2020 after the pandemic struck. Inflation from January to October of last year was 40% at official rates \u2014 and even more when the black market it taken into account.<\/p>\n<p class=\"Component-root-0-2-72 p Component-p-0-2-62\">In July 2021, D\u00edaz-Canel faced the country\u2019s first major wave of protests in at least two decades, which left one dead, stores vandalized, and cars destroyed and which the government accused groups in the U.S. of fomenting.<\/p>\n<p class=\"Component-root-0-2-72 p Component-p-0-2-62\">Cuba saw some 330,000 islanders leave for the United States between October 2021 and December 2022, a record number. Others departed for other countries in Latin America, and in Europe.<\/p>\n<p class=\"Component-root-0-2-72 p Component-p-0-2-62\">\u201cThe panorama is quite bleak,\u201d said Michael Shifter, a member of the Inter-American Dialogue organization and an adjunct professor at Georgetown University. He said the president\u2019s \u201cmain challenge will be to activate the economy.\u201d<\/p>\n<p class=\"Component-root-0-2-72 p Component-p-0-2-62\">\u201cThe energy system has collapsed. The level of unrest has risen dramatically, emigration is among its highest points in history,\u201d Shifter said.<\/p>\n<p class=\"Component-root-0-2-72 p Component-p-0-2-62\">Delegates to the National Assembly were chosen in an election in March in which there were no opposition challengers and in which voters essentially were being asked merely to endorse the candidates.<\/p>\n<p class=\"Component-root-0-2-72 p Component-p-0-2-62\">Half the candidates came from municipal assemblies chosen in local elections in November, while the other half are nominated by groups representing broad sections of society, such as workers unions. All are vetted by election committees with ties to the party.<\/p>\n<p class=\"Component-root-0-2-72 p Component-p-0-2-62\">Critics of the Cuban political system maintain it does not accommodate opposition voices and that the parliament supports the Communist Party\u2019s wishes without substantial discussion. But authorities defend the model as a form of participatory government that incorporates all social sectors.<\/p>\n<p class=\"Component-root-0-2-72 p Component-p-0-2-62\">In addition to D\u00edaz-Canel and other top leaders of Cuba, the assembly delegates also include well-known personalities such as Eli\u00e1n Gonz\u00e1lez, who as a child in 1999-2000 was at the center of a custody dispute between the United States and Cuba.<\/p>\n<p><em>&#8211; Andrea Rodriguez, AP News<\/em><\/p>\n<\/div>\n","protected":false},"excerpt":{"rendered":"<p>Cuba\u2019s National Assembly on Wednesday ratified President Miguel D\u00edaz-Canel for a new five-year term, in a decision to maintain continuity as the island faces a deep economic crisis. More than 400 representatives to the assembly who were ratified by voters in March took office early Wednesday and then convened the chamber to elect the government\u2019s&hellip;<\/p>\n","protected":false},"author":124,"featured_media":8115,"comment_status":"open","ping_status":"closed","sticky":false,"template":"","format":"standard","meta":{"ngg_post_thumbnail":0,"fifu_image_url":"https:\/\/storage.googleapis.com\/afs-prod\/media\/8b97b8e2fb8b4d3180b41b812e8b8c45\/800.webp","fifu_image_alt":"Cuba\u2019s Parliament Ratifies President D\u00edaz-Canel for New Term","footnotes":""},"categories":[192],"tags":[],"class_list":["post-8112","post","type-post","status-publish","format-standard","has-post-thumbnail","hentry","category-polity-governance"],"_links":{"self":[{"href":"https:\/\/latinamericasecurityreport.com\/index.php?rest_route=\/wp\/v2\/posts\/8112","targetHints":{"allow":["GET"]}}],"collection":[{"href":"https:\/\/latinamericasecurityreport.com\/index.php?rest_route=\/wp\/v2\/posts"}],"about":[{"href":"https:\/\/latinamericasecurityreport.com\/index.php?rest_route=\/wp\/v2\/types\/post"}],"author":[{"embeddable":true,"href":"https:\/\/latinamericasecurityreport.com\/index.php?rest_route=\/wp\/v2\/users\/124"}],"replies":[{"embeddable":true,"href":"https:\/\/latinamericasecurityreport.com\/index.php?rest_route=%2Fwp%2Fv2%2Fcomments&post=8112"}],"version-history":[{"count":1,"href":"https:\/\/latinamericasecurityreport.com\/index.php?rest_route=\/wp\/v2\/posts\/8112\/revisions"}],"predecessor-version":[{"id":8114,"href":"https:\/\/latinamericasecurityreport.com\/index.php?rest_route=\/wp\/v2\/posts\/8112\/revisions\/8114"}],"wp:featuredmedia":[{"embeddable":true,"href":"https:\/\/latinamericasecurityreport.com\/index.php?rest_route=\/wp\/v2\/media\/8115"}],"wp:attachment":[{"href":"https:\/\/latinamericasecurityreport.com\/index.php?rest_route=%2Fwp%2Fv2%2Fmedia&parent=8112"}],"wp:term":[{"taxonomy":"category","embeddable":true,"href":"https:\/\/latinamericasecurityreport.com\/index.php?rest_route=%2Fwp%2Fv2%2Fcategories&post=8112"},{"taxonomy":"post_tag","embeddable":true,"href":"https:\/\/latinamericasecurityreport.com\/index.php?rest_route=%2Fwp%2Fv2%2Ftags&post=8112"}],"curies":[{"name":"wp","href":"https:\/\/api.w.org\/{rel}","templated":true}]}}