{"id":7454,"date":"2021-01-11T04:51:48","date_gmt":"2021-01-11T09:51:48","guid":{"rendered":"https:\/\/latinamericasecurityreport.com\/?p=7454"},"modified":"2021-01-11T04:51:48","modified_gmt":"2021-01-11T09:51:48","slug":"thousands-of-brazilians-who-won-elections-as-black-candidates-in-2020-previously-ran-for-office-as-white","status":"publish","type":"post","link":"https:\/\/latinamericasecurityreport.com\/?p=7454","title":{"rendered":"Thousands of Brazilians Who Won Elections as Black Candidates in 2020 Previously Ran for Office as White"},"content":{"rendered":"<figure style=\"width: 8100px\" class=\"wp-caption alignnone\"><img loading=\"lazy\" decoding=\"async\" class=\"size-medium\" src=\"https:\/\/images.theconversation.com\/files\/377235\/original\/file-20210105-17-1p3qn3.jpg\" width=\"8100\" height=\"6075\"><figcaption class=\"wp-caption-text\">Brazilian politicians\u2019 newfound embrace of Blackness leaves some of their Afro-Brazilian constituents skeptical. Dimitrii_Guzhanin\/Getty<\/figcaption><\/figure>\n<p>Brazil is undergoing a strange racial reckoning after <a href=\"https:\/\/www1.folha.uol.com.br\/poder\/2020\/09\/chegam-a-42-mil-os-candidatos-que-mudaram-declaracao-de-cor-para-eleicao-deste-ano.shtml\">bombshell revelations<\/a> that thousands of veteran politicians had changed their self-identified race between the 2016 and 2020 elections.<\/p>\n<p>Afro-Brazilians \u2013 a category that includes Black and mixed-race people \u2013 comprise 56% of Brazil\u2019s population but 43% of elected officials. So when almost 29,000 Afro-Brazilian city council and mayoral candidates took office on Jan. 1 after winning their races last November, communities of color celebrated <a href=\"https:\/\/theconversation.com\/my-vote-will-be-black-a-wave-of-afro-brazilian-women-ran-for-office-in-2020-but-found-glass-ceiling-hard-to-break-150521\">their growing political representation<\/a>.<\/p>\n<p>But Brazilian politics may not be as diverse as official statistics suggest.<\/p>\n<p>More than 42,000 veteran politicians who ran for office in 2020 had changed their self-declared race since their last campaign, potentially to gain access to new campaign financing earmarked for Black candidates.<\/p>\n<p>Of the 28,764 winners who identified as Afro-Brazilian last year, 16% \u2013 4,580 people \u2013 had identified themselves as a different race when they ran for office in 2016, data from Brazil\u2019s Superior Electoral Court shows. Nearly all were previously registered as white, according to my analysis of Brazil\u2019s race-switching politicians. The data analyzed does not include first-time candidates, whose past racial identification is not documented.<\/p>\n<p>Brazilians were outraged when they learned that so many veteran politicians had decided to identify as Black. Black voters are left questioning whether the lawmakers actually understand their experience as a marginalized majority \u2013 and represent their needs in the halls of power.<\/p>\n<figure class=\"align-center zoomable\">\n<figure style=\"width: 600px\" class=\"wp-caption alignnone\"><img loading=\"lazy\" decoding=\"async\" src=\"https:\/\/images.theconversation.com\/files\/377242\/original\/file-20210105-15-12nupui.jpg?ixlib=rb-1.1.0&amp;q=45&amp;auto=format&amp;w=754&amp;fit=clip\" sizes=\"auto, (min-width: 1466px) 754px, (max-width: 599px) 100vw, (min-width: 600px) 600px, 237px\" srcset=\"https:\/\/images.theconversation.com\/files\/377242\/original\/file-20210105-15-12nupui.jpg?ixlib=rb-1.1.0&amp;q=45&amp;auto=format&amp;w=600&amp;h=400&amp;fit=crop&amp;dpr=1 600w, https:\/\/images.theconversation.com\/files\/377242\/original\/file-20210105-15-12nupui.jpg?ixlib=rb-1.1.0&amp;q=30&amp;auto=format&amp;w=600&amp;h=400&amp;fit=crop&amp;dpr=2 1200w, https:\/\/images.theconversation.com\/files\/377242\/original\/file-20210105-15-12nupui.jpg?ixlib=rb-1.1.0&amp;q=15&amp;auto=format&amp;w=600&amp;h=400&amp;fit=crop&amp;dpr=3 1800w, https:\/\/images.theconversation.com\/files\/377242\/original\/file-20210105-15-12nupui.jpg?ixlib=rb-1.1.0&amp;q=45&amp;auto=format&amp;w=754&amp;h=503&amp;fit=crop&amp;dpr=1 754w, https:\/\/images.theconversation.com\/files\/377242\/original\/file-20210105-15-12nupui.jpg?ixlib=rb-1.1.0&amp;q=30&amp;auto=format&amp;w=754&amp;h=503&amp;fit=crop&amp;dpr=2 1508w, https:\/\/images.theconversation.com\/files\/377242\/original\/file-20210105-15-12nupui.jpg?ixlib=rb-1.1.0&amp;q=15&amp;auto=format&amp;w=754&amp;h=503&amp;fit=crop&amp;dpr=3 2262w\" alt=\"Line of mostly Black voters in face masks\" width=\"600\" height=\"400\"><figcaption class=\"wp-caption-text\">Rio de Janeiro residents line up to vote for city council and mayor Nov. 29. Bruna Prado\/Getty Images<\/figcaption><\/figure><\/figure>\n<p><strong>Racial inequality and politics<\/strong><\/p>\n<p>As in the United States, nonwhite Brazilians are <a href=\"https:\/\/www.hrw.org\/news\/2020\/06\/03\/brazil-suffers-its-own-scourge-police-brutality\">more likely than whites to be killed by police<\/a> and <a href=\"https:\/\/theconversation.com\/covid-19-is-deadlier-for-black-brazilians-a-legacy-of-structural-racism-that-dates-back-to-slavery-139430\">to die from COVID-19<\/a>. They also lag behind whites on virtually every objective indicator of well-being, from education level to income.<\/p>\n<p>Afro-Brazilian activists have demanded that elected officials address these longstanding racial inequalities, with limited success. The country has a <a href=\"https:\/\/noticias.uol.com.br\/confere\/ultimas-noticias\/eder-content\/2018\/08\/24\/bolsonaro-promete-reduzir-cotas-para-universidades-e-concursos.htm\">few federal affirmative action and racial justice programs<\/a>.<\/p>\n<p>But the country\u2019s president, Jair Bolsonaro, has <a href=\"https:\/\/time.com\/5433379\/brazil-bolsonaro-policies\/\">pledged to eliminate<\/a> even those efforts at equality. His administration claims that Brazil is a \u201cracial democracy,\u201d a society free of racism and discrimination.<\/p>\n<p>In my research on <a href=\"https:\/\/scholar.google.com\/citations?user=_IawDsAAAAAJ&amp;hl=en\">Afro-Brazilian political representation<\/a>, I found a pervasive belief that life would improve for communities of color if more Afro-Brazilians held political power.<\/p>\n<p>I interviewed Brazilian activists, politicians and voters in 2016 and 2018. Many claimed that Afro-Brazilian lawmakers advocate for nonwhites and prioritize their needs. They pointed to the actions of politicians like Rio de Janeiro city council member Marielle Franco, an outspoken <a href=\"https:\/\/theconversation.com\/echoing-marielle-franco-brazils-black-women-speak-out-against-violence-93993\">critic of police violence<\/a> who was <a href=\"https:\/\/www.nytimes.com\/2018\/03\/15\/world\/americas\/killing-of-rio-de-janeiro-councilwoman-critical-of-police-rattles-brazil.html\">assassinated in March 2018<\/a>.<\/p>\n<p>There is some evidence to back up this belief. My research indicates that Afro-Brazilian legislators do behave differently from their white colleagues. In Congress, they are more likely to introduce legislation that celebrates Blackness, such as establishing a <a href=\"https:\/\/www.brasildefato.com.br\/2020\/11\/20\/el-dia-de-la-conciencia-negra-marca-la-larga-lucha-antirracista-en-brasil\">national day of Black consciousness<\/a>, and to author bills that address racial disparities and racial discrimination.<\/p>\n<figure class=\"align-center zoomable\">\n<figure style=\"width: 600px\" class=\"wp-caption alignnone\"><img loading=\"lazy\" decoding=\"async\" src=\"https:\/\/images.theconversation.com\/files\/377243\/original\/file-20210105-21-1tsvobx.jpg?ixlib=rb-1.1.0&amp;q=45&amp;auto=format&amp;w=754&amp;fit=clip\" sizes=\"auto, (min-width: 1466px) 754px, (max-width: 599px) 100vw, (min-width: 600px) 600px, 237px\" srcset=\"https:\/\/images.theconversation.com\/files\/377243\/original\/file-20210105-21-1tsvobx.jpg?ixlib=rb-1.1.0&amp;q=45&amp;auto=format&amp;w=600&amp;h=370&amp;fit=crop&amp;dpr=1 600w, https:\/\/images.theconversation.com\/files\/377243\/original\/file-20210105-21-1tsvobx.jpg?ixlib=rb-1.1.0&amp;q=30&amp;auto=format&amp;w=600&amp;h=370&amp;fit=crop&amp;dpr=2 1200w, https:\/\/images.theconversation.com\/files\/377243\/original\/file-20210105-21-1tsvobx.jpg?ixlib=rb-1.1.0&amp;q=15&amp;auto=format&amp;w=600&amp;h=370&amp;fit=crop&amp;dpr=3 1800w, https:\/\/images.theconversation.com\/files\/377243\/original\/file-20210105-21-1tsvobx.jpg?ixlib=rb-1.1.0&amp;q=45&amp;auto=format&amp;w=754&amp;h=465&amp;fit=crop&amp;dpr=1 754w, https:\/\/images.theconversation.com\/files\/377243\/original\/file-20210105-21-1tsvobx.jpg?ixlib=rb-1.1.0&amp;q=30&amp;auto=format&amp;w=754&amp;h=465&amp;fit=crop&amp;dpr=2 1508w, https:\/\/images.theconversation.com\/files\/377243\/original\/file-20210105-21-1tsvobx.jpg?ixlib=rb-1.1.0&amp;q=15&amp;auto=format&amp;w=754&amp;h=465&amp;fit=crop&amp;dpr=3 2262w\" alt=\"Group of mostly Black senators listen to a speaker\" width=\"600\" height=\"370\"><figcaption class=\"wp-caption-text\">Brazilian senators commemorate the Day of Black Consciousness on Nov. 20, 2016; it became a national holiday in 2011. Lula Marques\/Ag\u00eancia PT<\/figcaption><\/figure><\/figure>\n<p>\u201cI know the position of Blacks in this country,\u201d said Benedita da Silva, Brazil\u2019s first Black female member of Congress, <a href=\"https:\/\/www.nytimes.com\/1987\/02\/19\/world\/rio-journal-one-woman-s-mission-to-make-brasilia-sensitive.html\">in a 1987 interview with The New York Times<\/a> following her electoral victory. \u201cI have a special responsibility to speak out on the subjects that I know about \u2013 against racial discrimination.\u201d<\/p>\n<p>The 4,580 new Afro-Brazilian lawmakers who assumed office on Jan. 1 after years or a lifetime of passing as white may not have that understanding of Blackness or feel the same responsibility toward Afro-Brazilian communities.<\/p>\n<p><strong>Race, opportunity and authenticity<\/strong><\/p>\n<p>Ironically, a racial equality initiative likely contributed to Brazil\u2019s political race-changing scandal.<\/p>\n<figure class=\"align-right zoomable\">\n<figure style=\"width: 600px\" class=\"wp-caption alignnone\"><img loading=\"lazy\" decoding=\"async\" src=\"https:\/\/images.theconversation.com\/files\/377255\/original\/file-20210105-21-1akywug.jpg?ixlib=rb-1.1.0&amp;q=45&amp;auto=format&amp;w=237&amp;fit=clip\" sizes=\"auto, (min-width: 1466px) 754px, (max-width: 599px) 100vw, (min-width: 600px) 600px, 237px\" srcset=\"https:\/\/images.theconversation.com\/files\/377255\/original\/file-20210105-21-1akywug.jpg?ixlib=rb-1.1.0&amp;q=45&amp;auto=format&amp;w=600&amp;h=800&amp;fit=crop&amp;dpr=1 600w, https:\/\/images.theconversation.com\/files\/377255\/original\/file-20210105-21-1akywug.jpg?ixlib=rb-1.1.0&amp;q=30&amp;auto=format&amp;w=600&amp;h=800&amp;fit=crop&amp;dpr=2 1200w, https:\/\/images.theconversation.com\/files\/377255\/original\/file-20210105-21-1akywug.jpg?ixlib=rb-1.1.0&amp;q=15&amp;auto=format&amp;w=600&amp;h=800&amp;fit=crop&amp;dpr=3 1800w, https:\/\/images.theconversation.com\/files\/377255\/original\/file-20210105-21-1akywug.jpg?ixlib=rb-1.1.0&amp;q=45&amp;auto=format&amp;w=754&amp;h=1005&amp;fit=crop&amp;dpr=1 754w, https:\/\/images.theconversation.com\/files\/377255\/original\/file-20210105-21-1akywug.jpg?ixlib=rb-1.1.0&amp;q=30&amp;auto=format&amp;w=754&amp;h=1005&amp;fit=crop&amp;dpr=2 1508w, https:\/\/images.theconversation.com\/files\/377255\/original\/file-20210105-21-1akywug.jpg?ixlib=rb-1.1.0&amp;q=15&amp;auto=format&amp;w=754&amp;h=1005&amp;fit=crop&amp;dpr=3 2262w\" alt=\"Headshot of a light-skinned man\" width=\"600\" height=\"800\"><figcaption class=\"wp-caption-text\">Jo\u00e3o Ferreira Neto ran for mayor of S\u00e3o Jo\u00e3o de Meriti in 2020 as mixed-race. As a candidate in 2016, he had declared himself to be white. Camara deputados do Brasil<\/figcaption><\/figure><\/figure>\n<p>In a major victory for the country\u2019s Black consciousness movement, Brazil\u2019s top <a href=\"https:\/\/www1.folha.uol.com.br\/poder\/2020\/09\/lewandowski-regulamenta-cota-financeira-de-negros-e-permite-concentracao-de-verba-em-poucos-candidatos.shtml\">electoral court ruled<\/a> in September 2020 that each political party had to split the campaign resources it receives from the government proportionately between its white and nonwhite candidates. Many race-switching politicians are presumed to have adopted nonwhite identities opportunistically, to attain those campaign resources.<\/p>\n<p>Some politicians who now identify as Afro-Brazilian reject the notion, claiming they are just finally acknowledging their Blackness. In a country where Blackness was historically stigmatized, Brazilians have been known to identify as members of lighter racial categories when possible.<\/p>\n<p>For example, Moema Gramacho, the mayor of the northeastern town of Lauro de Freitas, claimed she wanted to \u201c<a href=\"https:\/\/www1.folha.uol.com.br\/poder\/2020\/09\/ao-menos-21-mil-candidatos-mudaram-declaracao-de-cor-para-eleicao-de-2020.shtml\">recover (her) identity<\/a>\u201d by changing her race from mixed-race in 2016 to Black in 2020.<\/p>\n<p>\u201cIt was a matter of self-affirmation,\u201d she told Folha de S\u00e3o Paulo newspaper.<\/p>\n<figure class=\"align-left zoomable\">\n<figure style=\"width: 600px\" class=\"wp-caption alignnone\"><img loading=\"lazy\" decoding=\"async\" src=\"https:\/\/images.theconversation.com\/files\/377233\/original\/file-20210105-19-2vtw6m.jpg?ixlib=rb-1.1.0&amp;q=45&amp;auto=format&amp;w=237&amp;fit=clip\" sizes=\"auto, (min-width: 1466px) 754px, (max-width: 599px) 100vw, (min-width: 600px) 600px, 237px\" srcset=\"https:\/\/images.theconversation.com\/files\/377233\/original\/file-20210105-19-2vtw6m.jpg?ixlib=rb-1.1.0&amp;q=45&amp;auto=format&amp;w=600&amp;h=400&amp;fit=crop&amp;dpr=1 600w, https:\/\/images.theconversation.com\/files\/377233\/original\/file-20210105-19-2vtw6m.jpg?ixlib=rb-1.1.0&amp;q=30&amp;auto=format&amp;w=600&amp;h=400&amp;fit=crop&amp;dpr=2 1200w, https:\/\/images.theconversation.com\/files\/377233\/original\/file-20210105-19-2vtw6m.jpg?ixlib=rb-1.1.0&amp;q=15&amp;auto=format&amp;w=600&amp;h=400&amp;fit=crop&amp;dpr=3 1800w, https:\/\/images.theconversation.com\/files\/377233\/original\/file-20210105-19-2vtw6m.jpg?ixlib=rb-1.1.0&amp;q=45&amp;auto=format&amp;w=754&amp;h=503&amp;fit=crop&amp;dpr=1 754w, https:\/\/images.theconversation.com\/files\/377233\/original\/file-20210105-19-2vtw6m.jpg?ixlib=rb-1.1.0&amp;q=30&amp;auto=format&amp;w=754&amp;h=503&amp;fit=crop&amp;dpr=2 1508w, https:\/\/images.theconversation.com\/files\/377233\/original\/file-20210105-19-2vtw6m.jpg?ixlib=rb-1.1.0&amp;q=15&amp;auto=format&amp;w=754&amp;h=503&amp;fit=crop&amp;dpr=3 2262w\" alt=\"Woman in a red shirt speaking at a microphone\" width=\"600\" height=\"400\"><figcaption class=\"wp-caption-text\">Moema Gramacho of the leftist Workers\u2019 Party declared herself to be Black when she ran for mayor in 2020 but identified as mixed-race in 2014, when she ran for Brazil\u2019s Congress. Senado Federal\/Comiss\u00e3o de Direitos Humanos e Legisla\u00e7\u00e3o Participativa, CC BY<\/figcaption><\/figure><\/figure>\n<p>Census data does show that more Brazilians are moving across the racial continuum, from white to Black, a trend attributed to growing levels of <a href=\"https:\/\/www.cambridge.org\/core\/journals\/world-politics\/article\/racial-reclassification-and-political-identity-formation\/F75B004EC1CA61E8D4206024C4F36BA1\">education and racial consciousness<\/a> in recent decades.<\/p>\n<p>But the timing of all these politicians\u2019 racially reinventing themselves <a href=\"https:\/\/www.washingtonpost.com\/politics\/2020\/12\/08\/thousands-brazilian-candidates-switched-racial-identities-this-year\/\">is suspicious<\/a> to many Black Brazilians.<\/p>\n<p>\u201cUntil yesterday, nobody wanted to be Black,\u201d L\u00edvia Zaruty, a Black social media personality, said in a widely viewed <a href=\"https:\/\/www.youtube.com\/watch?v=4kJB5RsIRGY&amp;t=18s\">YouTube video<\/a>, referencing Gramacho. \u201cNow that there is a financial benefit, [people think] \u2018Ah, I will recover my roots.\u2019\u201d<\/p>\n<p>On paper, Brazil has more self-identified Afro-Brazilians in public office today than ever before. In practice, this majority-Black nation wonders whether it has actually taken a step toward racial equality.<!-- Below is The Conversation's page counter tag. Please DO NOT REMOVE. --><img loading=\"lazy\" decoding=\"async\" style=\"border: none !important; box-shadow: none !important; margin: 0 !important; max-height: 1px !important; max-width: 1px !important; min-height: 1px !important; min-width: 1px !important; opacity: 0 !important; outline: none !important; padding: 0 !important; text-shadow: none !important;\" src=\"https:\/\/counter.theconversation.com\/content\/151363\/count.gif?distributor=republish-lightbox-basic\" alt=\"The Conversation\" width=\"1\" height=\"1\"><!-- End of code. If you don't see any code above, please get new code from the Advanced tab after you click the republish button. The page counter does not collect any personal data. More info: https:\/\/theconversation.com\/republishing-guidelines --><\/p>\n<p><a href=\"https:\/\/theconversation.com\/profiles\/andrew-janusz-1179897\">Andrew Janusz<\/a>, Assistant Professor of Political Science, <em><a href=\"https:\/\/theconversation.com\/institutions\/university-of-florida-1392\">University of Florida<\/a><\/em><\/p>\n<p>This article is republished from <a href=\"https:\/\/theconversation.com\">The Conversation<\/a> under a Creative Commons license.<\/p>\n","protected":false},"excerpt":{"rendered":"<p>Brazil is undergoing a strange racial reckoning after bombshell revelations that thousands of veteran politicians had changed their self-identified race between the 2016 and 2020 elections. Afro-Brazilians \u2013 a category that includes Black and mixed-race people \u2013 comprise 56% of Brazil\u2019s population but 43% of elected officials. So when almost 29,000 Afro-Brazilian city council and&hellip;<\/p>\n","protected":false},"author":124,"featured_media":7457,"comment_status":"open","ping_status":"closed","sticky":false,"template":"","format":"standard","meta":{"ngg_post_thumbnail":0,"fifu_image_url":"https:\/\/images.theconversation.com\/files\/377235\/original\/file-20210105-17-1p3qn3.jpg","fifu_image_alt":"Thousands of Brazilians Who Won Elections as Black Candidates in 2020 Previously Ran for Office as White","footnotes":""},"categories":[192],"tags":[],"class_list":["post-7454","post","type-post","status-publish","format-standard","has-post-thumbnail","hentry","category-polity-governance"],"_links":{"self":[{"href":"https:\/\/latinamericasecurityreport.com\/index.php?rest_route=\/wp\/v2\/posts\/7454","targetHints":{"allow":["GET"]}}],"collection":[{"href":"https:\/\/latinamericasecurityreport.com\/index.php?rest_route=\/wp\/v2\/posts"}],"about":[{"href":"https:\/\/latinamericasecurityreport.com\/index.php?rest_route=\/wp\/v2\/types\/post"}],"author":[{"embeddable":true,"href":"https:\/\/latinamericasecurityreport.com\/index.php?rest_route=\/wp\/v2\/users\/124"}],"replies":[{"embeddable":true,"href":"https:\/\/latinamericasecurityreport.com\/index.php?rest_route=%2Fwp%2Fv2%2Fcomments&post=7454"}],"version-history":[{"count":1,"href":"https:\/\/latinamericasecurityreport.com\/index.php?rest_route=\/wp\/v2\/posts\/7454\/revisions"}],"predecessor-version":[{"id":7456,"href":"https:\/\/latinamericasecurityreport.com\/index.php?rest_route=\/wp\/v2\/posts\/7454\/revisions\/7456"}],"wp:featuredmedia":[{"embeddable":true,"href":"https:\/\/latinamericasecurityreport.com\/index.php?rest_route=\/wp\/v2\/media\/7457"}],"wp:attachment":[{"href":"https:\/\/latinamericasecurityreport.com\/index.php?rest_route=%2Fwp%2Fv2%2Fmedia&parent=7454"}],"wp:term":[{"taxonomy":"category","embeddable":true,"href":"https:\/\/latinamericasecurityreport.com\/index.php?rest_route=%2Fwp%2Fv2%2Fcategories&post=7454"},{"taxonomy":"post_tag","embeddable":true,"href":"https:\/\/latinamericasecurityreport.com\/index.php?rest_route=%2Fwp%2Fv2%2Ftags&post=7454"}],"curies":[{"name":"wp","href":"https:\/\/api.w.org\/{rel}","templated":true}]}}