{"id":7152,"date":"2020-06-28T02:51:16","date_gmt":"2020-06-28T06:51:16","guid":{"rendered":"https:\/\/latinamericasecurityreport.com\/?p=7152"},"modified":"2020-06-28T02:51:16","modified_gmt":"2020-06-28T06:51:16","slug":"uruguay-quietly-beats-coronavirus-distinguishing-itself-from-its-south-american-neighbors-yet-again","status":"publish","type":"post","link":"https:\/\/latinamericasecurityreport.com\/?p=7152","title":{"rendered":"Uruguay Quietly Beats Coronavirus, Distinguishing Itself from Its South American Neighbors \u2013 Yet Again"},"content":{"rendered":"<figure style=\"width: 3000px\" class=\"wp-caption alignnone\"><img loading=\"lazy\" decoding=\"async\" class=\"size-full\" src=\"https:\/\/images.theconversation.com\/files\/341368\/original\/file-20200611-80774-1of4hge.jpg\" width=\"3000\" height=\"2000\"><figcaption class=\"wp-caption-text\"><br \/>Life is resuming in Uruguay, where some students returned to school in April and the remainder will go back in on June 29. Daniel Rodrigues\/adhoc\/AFP via Getty Images)<\/figcaption><\/figure>\n<p>Latin America is the world\u2019s new <a href=\"https:\/\/www.npr.org\/2020\/06\/03\/869053446\/latin-america-becomes-a-new-epicenter-of-the-coronavirus-pandemic\">coronavirus epicenter<\/a>, but Uruguay \u2013 a small South American nation of 3.5 million people \u2013 has so far avoided the devastation raging across the rest of the region.<\/p>\n<p>As of June 14, the country had <a href=\"https:\/\/covid19.who.int\/?gclid=CjwKCAjw5vz2BRAtEiwAbcVIL5W0xoGMZZUidJH2jZ0cA2W6EoYlJX6gbjpzDUyiangaCi7HznDkwBoC8_cQAvD_BwE\">847 confirmed COVID-19 cases and 23 deaths<\/a>. By population that\u2019s 244 cases and 7 deaths per 1 million inhabitants, well below neighboring Brazil, with 4,001 cases and 201 deaths per million; and Chile, with 9,118 cases and 174 deaths per million.<\/p>\n<p>Uruguay <a href=\"https:\/\/www.bbc.com\/mundo\/noticias-america-latina-52837193\">moved swiftly<\/a> in March to enact social distancing, testing and community tracing, though President Luis Alberto Lacalle Pou never decreed a lockdown. Offices and shops are open for business, and Uruguayan children will return to school by <a href=\"https:\/\/www.cnnchile.com\/mundo\/uruguay-retorno-vuelta-a-clases-coronavirus_20200522\/\">June 29<\/a> even with winter and flu season coming to the Southern Hemisphere.<\/p>\n<p>In avoiding the tragedy playing out nearby, Uruguay continues its tradition of bucking regional trends. My research on Latin American politics shows that the country has long stood out for its <a href=\"https:\/\/www.cambridge.org\/core\/books\/how-party-activism-survives\/93C5584DB63DF0A80B51F3EEB68BC8E9\">vibrant participatory democracy<\/a>, <a href=\"https:\/\/journals.sagepub.com\/doi\/10.1177\/000312240607100604\">low inequality<\/a> and <a href=\"https:\/\/scholarship.richmond.edu\/cgi\/viewcontent.cgi?article=1010&amp;context=polisci-faculty-publications\">expansive social policies<\/a> \u2013 all attributes that help explain Uruguay\u2019s relative success in the pandemic.<\/p>\n<figure class=\"align-center zoomable\">\n<figure style=\"width: 600px\" class=\"wp-caption alignnone\"><a href=\"https:\/\/images.theconversation.com\/files\/341643\/original\/file-20200614-153822-15ytsji.jpg?ixlib=rb-1.1.0&amp;q=45&amp;auto=format&amp;w=1000&amp;fit=clip\"><img loading=\"lazy\" decoding=\"async\" src=\"https:\/\/images.theconversation.com\/files\/341643\/original\/file-20200614-153822-15ytsji.jpg?ixlib=rb-1.1.0&amp;q=45&amp;auto=format&amp;w=754&amp;fit=clip\" sizes=\"auto, (min-width: 1466px) 754px, (max-width: 599px) 100vw, (min-width: 600px) 600px, 237px\" srcset=\"https:\/\/images.theconversation.com\/files\/341643\/original\/file-20200614-153822-15ytsji.jpg?ixlib=rb-1.1.0&amp;q=45&amp;auto=format&amp;w=600&amp;h=450&amp;fit=crop&amp;dpr=1 600w, https:\/\/images.theconversation.com\/files\/341643\/original\/file-20200614-153822-15ytsji.jpg?ixlib=rb-1.1.0&amp;q=30&amp;auto=format&amp;w=600&amp;h=450&amp;fit=crop&amp;dpr=2 1200w, https:\/\/images.theconversation.com\/files\/341643\/original\/file-20200614-153822-15ytsji.jpg?ixlib=rb-1.1.0&amp;q=15&amp;auto=format&amp;w=600&amp;h=450&amp;fit=crop&amp;dpr=3 1800w, https:\/\/images.theconversation.com\/files\/341643\/original\/file-20200614-153822-15ytsji.jpg?ixlib=rb-1.1.0&amp;q=45&amp;auto=format&amp;w=754&amp;h=566&amp;fit=crop&amp;dpr=1 754w, https:\/\/images.theconversation.com\/files\/341643\/original\/file-20200614-153822-15ytsji.jpg?ixlib=rb-1.1.0&amp;q=30&amp;auto=format&amp;w=754&amp;h=566&amp;fit=crop&amp;dpr=2 1508w, https:\/\/images.theconversation.com\/files\/341643\/original\/file-20200614-153822-15ytsji.jpg?ixlib=rb-1.1.0&amp;q=15&amp;auto=format&amp;w=754&amp;h=566&amp;fit=crop&amp;dpr=3 2262w\" alt=\"\" width=\"600\" height=\"450\"><\/a><figcaption class=\"wp-caption-text\">The main plaza in Montevideo, Uruguay\u2019s capital. Wikimedia\/Flashpacker Travel Guide, CC BY<\/figcaption><\/figure><\/figure>\n<p><strong>Uruguayans support democracy<\/strong><\/p>\n<p>In a region marked by political discontent, Uruguayans generally like their political system. In 2016, <a href=\"http:\/\/infolapop.ccp.ucr.ac.cr\/index.php\/nivel-satisfaccion-democracia-latam.html\">57%<\/a> of Uruguayans were satisfied with democracy, compared to 47% of Argentines, 34% of Brazilians and 40% percent of Chileans, according to Vanderbilt University\u2019s Latin American Political Opinion Project.<\/p>\n<p>Satisfaction with Uruguay\u2019s democracy is matched by high trust in political institutions. In 2016, <a href=\"http:\/\/lapop.ccp.ucr.ac.cr\/es\">65%<\/a> of Uruguayans voiced support for institutions, Vanderbilt\u2019s data shows. This is 7 points higher than Argentina and over 20 points higher than Brazil or Chile.<\/p>\n<p><iframe loading=\"lazy\" id=\"zEbGs\" class=\"tc-infographic-datawrapper\" style=\"border: none;\" src=\"https:\/\/datawrapper.dwcdn.net\/zEbGs\/2\/\" width=\"100%\" height=\"400px\" frameborder=\"0\"><\/iframe><\/p>\n<p>Uruguayans have good reason to trust the system. The country\u2019s <a href=\"https:\/\/press.uchicago.edu\/ucp\/books\/book\/chicago\/D\/bo13590041.html\">expansive welfare state<\/a> provides <a href=\"https:\/\/www.cambridge.org\/core\/books\/welfare-and-party-politics-in-latin-america\/BFE6B43ED35B5CB02919279F5620AB73\">near-universal<\/a> access to pensions, child care, health care, education and income support for the poor.<\/p>\n<p>Uruguay also has one of Latin America\u2019s smallest gaps between rich and poor, rivaled only by Argentina. Uruguay\u2019s latest Gini Index, a World Bank measure of income inequality, is <a href=\"https:\/\/databank.worldbank.org\/reports.aspx?source=world-development-indicators\">39.5<\/a> \u2013 better than the United States, though higher than much of Europe.<\/p>\n<p>Most South American countries have a Gini index above 45, meaning wealth distribution is highly unequal.<\/p>\n<p><iframe loading=\"lazy\" id=\"ZRWvY\" class=\"tc-infographic-datawrapper\" style=\"border: none;\" src=\"https:\/\/datawrapper.dwcdn.net\/ZRWvY\/2\/\" width=\"100%\" height=\"400px\" frameborder=\"0\"><\/iframe><\/p>\n<p><strong>Progressive politics and Uruguay\u2019s success<\/strong><\/p>\n<p>Uruguay may be best known for <a href=\"https:\/\/www.bbc.com\/news\/business-47785648\">legalizing recreational marijuana use<\/a> in 2013. That first-in-the-world policy is the latest in a century-long progressive trend.<\/p>\n<figure class=\"align-center zoomable\">\n<figure style=\"width: 600px\" class=\"wp-caption alignnone\"><a href=\"https:\/\/images.theconversation.com\/files\/341579\/original\/file-20200612-153827-haenef.jpg?ixlib=rb-1.1.0&amp;q=45&amp;auto=format&amp;w=1000&amp;fit=clip\"><img loading=\"lazy\" decoding=\"async\" src=\"https:\/\/images.theconversation.com\/files\/341579\/original\/file-20200612-153827-haenef.jpg?ixlib=rb-1.1.0&amp;q=45&amp;auto=format&amp;w=754&amp;fit=clip\" sizes=\"auto, (min-width: 1466px) 754px, (max-width: 599px) 100vw, (min-width: 600px) 600px, 237px\" srcset=\"https:\/\/images.theconversation.com\/files\/341579\/original\/file-20200612-153827-haenef.jpg?ixlib=rb-1.1.0&amp;q=45&amp;auto=format&amp;w=600&amp;h=411&amp;fit=crop&amp;dpr=1 600w, https:\/\/images.theconversation.com\/files\/341579\/original\/file-20200612-153827-haenef.jpg?ixlib=rb-1.1.0&amp;q=30&amp;auto=format&amp;w=600&amp;h=411&amp;fit=crop&amp;dpr=2 1200w, https:\/\/images.theconversation.com\/files\/341579\/original\/file-20200612-153827-haenef.jpg?ixlib=rb-1.1.0&amp;q=15&amp;auto=format&amp;w=600&amp;h=411&amp;fit=crop&amp;dpr=3 1800w, https:\/\/images.theconversation.com\/files\/341579\/original\/file-20200612-153827-haenef.jpg?ixlib=rb-1.1.0&amp;q=45&amp;auto=format&amp;w=754&amp;h=516&amp;fit=crop&amp;dpr=1 754w, https:\/\/images.theconversation.com\/files\/341579\/original\/file-20200612-153827-haenef.jpg?ixlib=rb-1.1.0&amp;q=30&amp;auto=format&amp;w=754&amp;h=516&amp;fit=crop&amp;dpr=2 1508w, https:\/\/images.theconversation.com\/files\/341579\/original\/file-20200612-153827-haenef.jpg?ixlib=rb-1.1.0&amp;q=15&amp;auto=format&amp;w=754&amp;h=516&amp;fit=crop&amp;dpr=3 2262w\" alt=\"\" width=\"600\" height=\"411\"><\/a><figcaption class=\"wp-caption-text\">A march to legalize cannabis in Montevideo, May 5, 2012. Miguel Rojo\/AFP via GettyImages<\/figcaption><\/figure><\/figure>\n<p>Under the Paris-educated <a href=\"https:\/\/books.google.com\/books\/about\/The_Model_Country.html?id=maZ7AAAAMAAJ\">President Jos\u00e9 Batlle y Ordo\u00f1\u00e9z<\/a>, who led the country from 1903 to 1907 and 1911 to 1915, Uruguay got unemployment insurance, paid maternity leave and divorces at the wife\u2019s request. In 1915, Uruguayan workers became the Latin American workers to be guaranteed an 8-hour work day.<\/p>\n<p>By 1943 Uruguay had established a system for <a href=\"https:\/\/publishing.cdlib.org\/ucpressebooks\/view?docId=ft567nb3f6;query=;brand=ucpress\">collective wage negotiations<\/a>, allowing unions to bargain with employers and the government to set salaries, putting the country on a course to become solidly middle class.<\/p>\n<p>Uruguay underwent another period of <a href=\"https:\/\/www.cambridge.org\/core\/books\/welfare-and-party-politics-in-latin-america\/BFE6B43ED35B5CB02919279F5620AB73\">strong development<\/a> in the early 2000s under the left-leaning Frente Amplio party.<\/p>\n<p>Among other reforms made during this 15-year period of progressive government, President Tabar\u00e9 V\u00e1zquez in 2005 revived collective bargaining rights, which had been <a href=\"https:\/\/ladiaria.com.uy\/articulo\/2019\/3\/una-mirada-a-los-anos-90-eliminar-los-consejos-de-salarios\/\">gutted in the 1990s<\/a>. As a result, <a href=\"http:\/\/globaldialogue.isa-sociology.org\/uruguays-miracle-redistribution-and-the-growth-of-unionism\/\">stagnant wages rose<\/a>, <a href=\"https:\/\/www.ilo.org\/wcmsp5\/groups\/public\/---americas\/---ro-lima\/documents\/publication\/wcms_245894.pdf\">more informal workers got labor contracts<\/a> and <a href=\"https:\/\/www.worldpoliticsreview.com\/trend-lines\/21099\/why-uruguay-leads-latin-america-in-labor-rights\">labor conditions improved<\/a> \u2013 significant achievements in a region that struggles to provide steady, well-paid employment.<\/p>\n<p>Between 2010 to 2015, Vazquez\u2019s successor, Jos\u00e9 Mujica, <a href=\"https:\/\/www.bbc.com\/news\/world-latin-america-19986107\">legalized abortion<\/a> and <a href=\"https:\/\/www.bbc.com\/news\/world-latin-america-19986107\">same-sex marriage<\/a> in addition to recreational cannabis. Uruguay is <a href=\"https:\/\/apnews.com\/31de1cb8536a4aea9cc0b09b64f5dc5e\">one of only six<\/a> Latin American countries that recognize marriage equality.<\/p>\n<p>Though the Frente Amplio candidate narrowly <a href=\"https:\/\/www.nytimes.com\/2019\/11\/24\/world\/americas\/uruguay-election.html\">lost Uruguay\u2019s 2019 presidential election<\/a>, the party remains the <a href=\"https:\/\/theconversation.com\/the-latin-american-left-isnt-dead-yet-124385\">dominant political force<\/a>, and Uruguayans overwhelmingly <a href=\"https:\/\/nuso.org\/articulo\/que-significa-el-giro-la-derecha-uruguayo\/?fbclid=IwAR1Oxq9cOSzxgjqF4aKJeOK7-MZl8E56Gk3XWbhn5EGX_QSMQA59T0-b3WE\">support<\/a> the left\u2019s legacy of generous welfare programs. This makes it unlikely that the center-right President Lacalle Pou, who took office in March just before the pandemic, will radically change course.<\/p>\n<figure class=\"align-center zoomable\">\n<figure style=\"width: 600px\" class=\"wp-caption alignnone\"><a href=\"https:\/\/images.theconversation.com\/files\/341578\/original\/file-20200612-153808-lxbnzs.jpg?ixlib=rb-1.1.0&amp;q=45&amp;auto=format&amp;w=1000&amp;fit=clip\"><img loading=\"lazy\" decoding=\"async\" src=\"https:\/\/images.theconversation.com\/files\/341578\/original\/file-20200612-153808-lxbnzs.jpg?ixlib=rb-1.1.0&amp;q=45&amp;auto=format&amp;w=754&amp;fit=clip\" sizes=\"auto, (min-width: 1466px) 754px, (max-width: 599px) 100vw, (min-width: 600px) 600px, 237px\" srcset=\"https:\/\/images.theconversation.com\/files\/341578\/original\/file-20200612-153808-lxbnzs.jpg?ixlib=rb-1.1.0&amp;q=45&amp;auto=format&amp;w=600&amp;h=399&amp;fit=crop&amp;dpr=1 600w, https:\/\/images.theconversation.com\/files\/341578\/original\/file-20200612-153808-lxbnzs.jpg?ixlib=rb-1.1.0&amp;q=30&amp;auto=format&amp;w=600&amp;h=399&amp;fit=crop&amp;dpr=2 1200w, https:\/\/images.theconversation.com\/files\/341578\/original\/file-20200612-153808-lxbnzs.jpg?ixlib=rb-1.1.0&amp;q=15&amp;auto=format&amp;w=600&amp;h=399&amp;fit=crop&amp;dpr=3 1800w, https:\/\/images.theconversation.com\/files\/341578\/original\/file-20200612-153808-lxbnzs.jpg?ixlib=rb-1.1.0&amp;q=45&amp;auto=format&amp;w=754&amp;h=502&amp;fit=crop&amp;dpr=1 754w, https:\/\/images.theconversation.com\/files\/341578\/original\/file-20200612-153808-lxbnzs.jpg?ixlib=rb-1.1.0&amp;q=30&amp;auto=format&amp;w=754&amp;h=502&amp;fit=crop&amp;dpr=2 1508w, https:\/\/images.theconversation.com\/files\/341578\/original\/file-20200612-153808-lxbnzs.jpg?ixlib=rb-1.1.0&amp;q=15&amp;auto=format&amp;w=754&amp;h=502&amp;fit=crop&amp;dpr=3 2262w\" alt=\"\" width=\"600\" height=\"399\"><\/a><figcaption class=\"wp-caption-text\">Urguayans voted to fully legalize abortion in a 2013 referendum. Miguel Rojo\/AFP via Getty Images<\/figcaption><\/figure><\/figure>\n<p><strong>Uruguayan exceptionalism<\/strong><\/p>\n<p>Uruguay does have challenges. It has been slow to address <a href=\"http:\/\/ine.gub.uy\/c\/document_library\/get_file?uuid=1726c03f-aecd-4c78-b9be-f2c27dafba1d&amp;groupId=10181\">racial inequality<\/a> and a rising school <a href=\"https:\/\/www.borgenmagazine.com\/education-in-uruguay-drouts\/\">dropout rate<\/a>. Its <a href=\"https:\/\/repositorio.cepal.org\/handle\/11362\/39862\">aging population<\/a> has also strained the welfare state.<\/p>\n<p>Nonetheless, the country is weathering the COVID-19 pandemic remarkably well. While it has not eliminated the virus, <a href=\"https:\/\/theconversation.com\/new-zealand-hits-zero-active-coronavirus-cases-here-are-5-measures-to-keep-it-that-way-139862\">as similarly sized New Zealand has<\/a>, Uruguay is one of just a handful of countries to effectively manage the disease.<\/p>\n<p>Its unique and defining characteristics likely helped. Political trust and support for democracy <a href=\"https:\/\/theconversation.com\/how-leadership-in-various-countries-has-affected-covid-19-response-effectiveness-138692\">encourage people to follow public health recommendations<\/a>, and a strong welfare state provides income support and reliable health care to help slow infection.<\/p>\n<p>Having a strong, transparent democracy, in other words, has enabled Uruguay to <a href=\"https:\/\/www.economist.com\/graphic-detail\/2020\/06\/06\/democracies-contain-epidemics-most-effectively\">acknowledge, evaluate and control<\/a> a pandemic that has overwhelmed so many bigger and richer nations.<!-- End of code. If you don't see any code above, please get new code from the Advanced tab after you click the republish button. The page counter does not collect any personal data. More info: https:\/\/theconversation.com\/republishing-guidelines --><\/p>\n<p><a href=\"https:\/\/theconversation.com\/profiles\/jennifer-pribble-679779\">Jennifer Pribble<\/a>, Associate Professor of Political Science and Global Studies, <em><a href=\"https:\/\/theconversation.com\/institutions\/university-of-richmond-766\">University of Richmond<\/a><\/em><\/p>\n<p>This article is republished from <a href=\"https:\/\/theconversation.com\">The Conversation<\/a> under a Creative Commons license.<\/p>\n","protected":false},"excerpt":{"rendered":"<p>Latin America is the world\u2019s new coronavirus epicenter, but Uruguay \u2013 a small South American nation of 3.5 million people \u2013 has so far avoided the devastation raging across the rest of the region. As of June 14, the country had 847 confirmed COVID-19 cases and 23 deaths. By population that\u2019s 244 cases and 7&hellip;<\/p>\n","protected":false},"author":124,"featured_media":7376,"comment_status":"open","ping_status":"closed","sticky":false,"template":"","format":"standard","meta":{"ngg_post_thumbnail":0,"fifu_image_url":"https:\/\/images.theconversation.com\/files\/341368\/original\/file-20200611-80774-1of4hge.jpg","fifu_image_alt":"Uruguay Quietly Beats Coronavirus, Distinguishing Itself from Its South American Neighbors \u2013 Yet Again","footnotes":""},"categories":[192],"tags":[],"class_list":["post-7152","post","type-post","status-publish","format-standard","has-post-thumbnail","hentry","category-polity-governance"],"_links":{"self":[{"href":"https:\/\/latinamericasecurityreport.com\/index.php?rest_route=\/wp\/v2\/posts\/7152","targetHints":{"allow":["GET"]}}],"collection":[{"href":"https:\/\/latinamericasecurityreport.com\/index.php?rest_route=\/wp\/v2\/posts"}],"about":[{"href":"https:\/\/latinamericasecurityreport.com\/index.php?rest_route=\/wp\/v2\/types\/post"}],"author":[{"embeddable":true,"href":"https:\/\/latinamericasecurityreport.com\/index.php?rest_route=\/wp\/v2\/users\/124"}],"replies":[{"embeddable":true,"href":"https:\/\/latinamericasecurityreport.com\/index.php?rest_route=%2Fwp%2Fv2%2Fcomments&post=7152"}],"version-history":[{"count":1,"href":"https:\/\/latinamericasecurityreport.com\/index.php?rest_route=\/wp\/v2\/posts\/7152\/revisions"}],"predecessor-version":[{"id":7154,"href":"https:\/\/latinamericasecurityreport.com\/index.php?rest_route=\/wp\/v2\/posts\/7152\/revisions\/7154"}],"wp:featuredmedia":[{"embeddable":true,"href":"https:\/\/latinamericasecurityreport.com\/index.php?rest_route=\/wp\/v2\/media\/7376"}],"wp:attachment":[{"href":"https:\/\/latinamericasecurityreport.com\/index.php?rest_route=%2Fwp%2Fv2%2Fmedia&parent=7152"}],"wp:term":[{"taxonomy":"category","embeddable":true,"href":"https:\/\/latinamericasecurityreport.com\/index.php?rest_route=%2Fwp%2Fv2%2Fcategories&post=7152"},{"taxonomy":"post_tag","embeddable":true,"href":"https:\/\/latinamericasecurityreport.com\/index.php?rest_route=%2Fwp%2Fv2%2Ftags&post=7152"}],"curies":[{"name":"wp","href":"https:\/\/api.w.org\/{rel}","templated":true}]}}